{"id":74945,"date":"2008-12-16T12:28:00","date_gmt":"2008-12-16T11:28:00","guid":{"rendered":"https:\/\/www.museoglaucolombardi.it\/iniziata-la-ix-settimana-un-successo-il-concerto-sul-fortepiano-della-duchessa\/"},"modified":"2024-02-09T09:01:58","modified_gmt":"2024-02-09T08:01:58","slug":"iniziata-la-ix-settimana-un-successo-il-concerto-sul-fortepiano-della-duchessa","status":"publish","type":"post","link":"https:\/\/www.museoglaucolombardi.it\/en\/iniziata-la-ix-settimana-un-successo-il-concerto-sul-fortepiano-della-duchessa\/","title":{"rendered":"Iniziata la IX &#8216;Settimana&#8217;: un successo il concerto sul fortepiano della duchessa"},"content":{"rendered":"<p><P class=MsoNormal>Sono state davvero tante le persone che sabato 13 dicembre, giorno dell\u2019inaugurazione della \u2018IX Settimana di Maria Luigia\u2019, si sono date appuntamento al Museo Lombardi per ascoltare la straordinaria musicalit\u00e0 del fortepiano appartenuto alla duchessa. Un concerto che presentava brani di Kozeluch, Clementi e Pa\u00ebr, compositori contemporanei a Maria Luigia e da lei conosciuti ed amati, eccellentemente eseguiti dai maestri Sara Dieci e Francesco Baroni, che hanno poi concesso il bis.<\/P><br \/>\n<P class=MsoNormal>&nbsp;<\/P><br \/>\n<P class=MsoNormal>Un\u2019introduzione particolarmente adatta a sottolineare uno dei temi della giornata, quella serie di concerti che da gennaio ad aprile allieteranno le stanze del Museo con cadenza mensile, frutto del riuscito restauro sul fortepiano stesso che l\u2019anno scorso la Fondazione Monte di Parma ha finanziato.<\/P><br \/>\n<P class=MsoNormal>&nbsp;<\/P><br \/>\n<P class=MsoNormal>Un sentito plauso del pubblico \u00e8 andato poi alle persone che nel corso del 2008, dimostrando un non comune spirito filantropico, hanno deciso di arricchire le collezioni Lombardi con oggetti di straordinario rilievo: dal gioiello da testa appartenuto a Maria Luigia, presentato dal marchese Federico Montecuccoli, che della duchessa \u00e8 discendente diretto, a un bozzetto del celebre ritrattista Thomas Lawrence, pervenuto per volont\u00e0 di Luigia Casali Schena, al comodato di una curiosissima raccolta di calamai a tema napoleonico,concesso dall\u2019arch. Pierluigi Gerra.<\/P><br \/>\n<P class=MsoNormal>&nbsp;<\/P><br \/>\n<P class=MsoNormal>Da segnalare, unica nota dolente, la mancata attenzione dei media locali all\u2019evento, che pur si colloca all\u2019interno di un\u2019istituzione tra le pi\u00f9 rappresentative della citt\u00e0, dedicato alla donna che forse pi\u00f9 di tutti ha contribuito a rendere il Ducato un\u2019isola felice; rimane da auspicare una maggiore attenzione per i prossimi eventi, a beneficio di tutti coloro che, parmigiani e non, sono ancora affascinati, duecento anni dopo, dalla figura di Maria Luigia.<\/P><\/p>\n","protected":false},"excerpt":{"rendered":"<p>Sono state davvero tante le persone che sabato 13 dicembre,  [&#8230;]<\/p>\n","protected":false},"author":3,"featured_media":74946,"comment_status":"closed","ping_status":"closed","sticky":false,"template":"","format":"standard","meta":{"footnotes":""},"categories":[1],"tags":[],"class_list":["post-74945","post","type-post","status-publish","format-standard","has-post-thumbnail","hentry","category-non-categorizzato"],"publishpress_future_action":{"enabled":false,"date":"2026-05-06 20:54:54","action":"change-status","newStatus":"draft","terms":[],"taxonomy":"category","extraData":[]},"publishpress_future_workflow_manual_trigger":{"enabledWorkflows":[]},"_links":{"self":[{"href":"https:\/\/www.museoglaucolombardi.it\/en\/wp-json\/wp\/v2\/posts\/74945","targetHints":{"allow":["GET"]}}],"collection":[{"href":"https:\/\/www.museoglaucolombardi.it\/en\/wp-json\/wp\/v2\/posts"}],"about":[{"href":"https:\/\/www.museoglaucolombardi.it\/en\/wp-json\/wp\/v2\/types\/post"}],"author":[{"embeddable":true,"href":"https:\/\/www.museoglaucolombardi.it\/en\/wp-json\/wp\/v2\/users\/3"}],"replies":[{"embeddable":true,"href":"https:\/\/www.museoglaucolombardi.it\/en\/wp-json\/wp\/v2\/comments?post=74945"}],"version-history":[{"count":4,"href":"https:\/\/www.museoglaucolombardi.it\/en\/wp-json\/wp\/v2\/posts\/74945\/revisions"}],"predecessor-version":[{"id":111684,"href":"https:\/\/www.museoglaucolombardi.it\/en\/wp-json\/wp\/v2\/posts\/74945\/revisions\/111684"}],"wp:featuredmedia":[{"embeddable":true,"href":"https:\/\/www.museoglaucolombardi.it\/en\/wp-json\/wp\/v2\/media\/74946"}],"wp:attachment":[{"href":"https:\/\/www.museoglaucolombardi.it\/en\/wp-json\/wp\/v2\/media?parent=74945"}],"wp:term":[{"taxonomy":"category","embeddable":true,"href":"https:\/\/www.museoglaucolombardi.it\/en\/wp-json\/wp\/v2\/categories?post=74945"},{"taxonomy":"post_tag","embeddable":true,"href":"https:\/\/www.museoglaucolombardi.it\/en\/wp-json\/wp\/v2\/tags?post=74945"}],"curies":[{"name":"wp","href":"https:\/\/api.w.org\/{rel}","templated":true}]}}