{"id":74929,"date":"2008-09-23T11:00:00","date_gmt":"2008-09-23T09:00:00","guid":{"rendered":"https:\/\/www.museoglaucolombardi.it\/torna-il-giocamuseo-laboratori-e-attivita-didattiche\/"},"modified":"2024-02-09T09:10:06","modified_gmt":"2024-02-09T08:10:06","slug":"torna-il-giocamuseo-laboratori-e-attivita-didattiche","status":"publish","type":"post","link":"https:\/\/www.museoglaucolombardi.it\/en\/torna-il-giocamuseo-laboratori-e-attivita-didattiche\/","title":{"rendered":"Torna il GiocaMuseo: laboratori e attivit\u00e0 didattiche"},"content":{"rendered":"<p><P class=MsoNormal>A seguito del successo dello scorso anno, il Museo Glauco Lombardi ha deciso di riproporre anche per l&#8217;anno scolastico 2008\/2009&nbsp;le nuove attivit\u00e0 didattiche pensate appositamente per le classi delle scuole <STRONG>primarie e secondarie<\/STRONG>. Visite e laboratori, che saranno guidati da personale interno, si svolgeranno all\u2019interno del Museo, punto di partenza privilegiato per la scoperta della storia locale e internazionale.<\/P><br \/>\n<P class=MsoNormal><SPAN>&nbsp;<\/SPAN><\/P><br \/>\n<P class=MsoNormal>Queste nel dettaglio le proposte:<\/P><br \/>\n<P class=MsoNormal><SPAN>&nbsp;<\/SPAN><\/P><br \/>\n<P class=MsoNormal><SPAN><SPAN>\u00a7<SPAN>&nbsp;&nbsp;&nbsp;&nbsp;&nbsp;&nbsp;&nbsp;&nbsp; <\/SPAN><\/SPAN><\/SPAN><B>Visita guidata tradizionale<\/B> (1 h \u00bd circa)<\/P><br \/>\n<P class=MsoNormal><I><SPAN>Maria Luigia, i Borbone, Toschi, Petitot: la storia del Ducato di Parma rivive in un viaggio a ritroso tra le collezioni Lombardi.<\/SPAN><\/I><\/P><br \/>\n<P class=MsoNormal><SPAN>\u20ac 2,50 a ragazzo<\/SPAN><\/P><br \/>\n<P class=MsoNormal><SPAN><SPAN>\u00a7<SPAN>&nbsp;&nbsp;&nbsp;&nbsp;&nbsp;&nbsp;&nbsp;&nbsp; <\/SPAN><\/SPAN><\/SPAN><B>Visita guidata tematica<\/B> (1 h e \u00bd circa)<\/P><br \/>\n<P class=MsoNormal><I><SPAN>Da collezione privata a Museo: i segreti di un\u2019esposizione storico-artistica vengono scoperti analizzando tecniche, modalit\u00e0 e aspetti dell\u2019allestimento museografico nel difficile equilibrio tra pubblica fruizione e rispetto conservativo.<\/SPAN><\/I><\/P><br \/>\n<P class=MsoNormal><SPAN>\u20ac 2,50 a ragazzo<\/SPAN><\/P><br \/>\n<P class=MsoNormal><SPAN><SPAN>\u00a7<SPAN>&nbsp;&nbsp;&nbsp;&nbsp;&nbsp;&nbsp;&nbsp;&nbsp; <\/SPAN><\/SPAN><\/SPAN><B>Visita e laboratorio \u2013 incontro unico<\/B> (2 h-2 h \u00bd circa)<\/P><br \/>\n<P class=MsoNormal><I><SPAN>L\u2019incontro prende avvio con una introduzione storico-artistica che fornisce ai ragazzi le notizie fondamentali sui personaggi e sulle opere del Museo, permettendo loro di acquisire le nozioni utili alla seconda parte. Quest\u2019ultima consiste in un\u2019attivit\u00e0 ludico-didattica durante la quale i bambini dovranno scoprire e interpretare in forma autonoma opere, oggetti, personaggi, seguendo tracce e quesiti predisposti, che verranno poi verificati insieme nella terza e ultima parte dell\u2019incontro. L\u2019attivit\u00e0 potr\u00e0 essere ulteriormente proseguita in classe, grazie al materiale fornito agli insegnanti al termine della visita.<\/SPAN><\/I><\/P><br \/>\n<P class=MsoNormal><SPAN>\u20ac 4,00 a ragazzo (cancelleria e dispense didattiche a carico del Museo)<\/SPAN><\/P><br \/>\n<P class=MsoNormal><SPAN><SPAN>\u00a7<SPAN>&nbsp;&nbsp;&nbsp;&nbsp;&nbsp;&nbsp;&nbsp;&nbsp; <\/SPAN><\/SPAN><\/SPAN><B>Visita e laboratorio \u2013 due incontri <\/B>(1 e \u00bd circa l\u2019uno)<B> <\/B><\/P><br \/>\n<P class=MsoNormal><I><SPAN>La tematica si articola su due incontri: a una prima visita completa alle collezioni (1 h \u00bd circa), <SPAN>&nbsp;<\/SPAN>ne seguir\u00e0 una successiva, all\u2019interno della stessa settimana, in cui si verificheranno le nozioni acquisite grazie a laboratori ludico-didattici (vedi sopra).<\/SPAN><\/I><\/P><br \/>\n<P class=MsoNormal><SPAN>\u20ac 5,00 a ragazzo (cancelleria e dispense didattiche a carico del Museo)<\/SPAN><\/P><br \/>\n<P class=MsoNormal><SPAN><\/SPAN>&nbsp;<\/P><br \/>\n<P class=MsoNormal>Per aderire alla proposta \u00e8 sufficiente una prenotazione telefonica al numero 0521 233727; per informazioni pi\u00f9 approfondite sul Museo \u00e8 possibile consultare il sito <A href=\"http:\/\/www.museolombardi.it\/\">www.museolombardi.it<\/A>. Il Museo Lombardi \u00e8 stato attrezzato in modo da essere fruibile (90% degli spazi espositivi) anche da disabili motori; al suo interno offre inoltre servizio di bookshop.<\/P><\/p>\n","protected":false},"excerpt":{"rendered":"<p>A seguito del successo dello scorso anno, il Museo Glauco  [&#8230;]<\/p>\n","protected":false},"author":3,"featured_media":0,"comment_status":"closed","ping_status":"closed","sticky":false,"template":"","format":"standard","meta":{"footnotes":""},"categories":[1],"tags":[],"class_list":["post-74929","post","type-post","status-publish","format-standard","hentry","category-non-categorizzato"],"publishpress_future_action":{"enabled":false,"date":"2026-05-06 21:57:43","action":"change-status","newStatus":"draft","terms":[],"taxonomy":"category","extraData":[]},"publishpress_future_workflow_manual_trigger":{"enabledWorkflows":[]},"_links":{"self":[{"href":"https:\/\/www.museoglaucolombardi.it\/en\/wp-json\/wp\/v2\/posts\/74929","targetHints":{"allow":["GET"]}}],"collection":[{"href":"https:\/\/www.museoglaucolombardi.it\/en\/wp-json\/wp\/v2\/posts"}],"about":[{"href":"https:\/\/www.museoglaucolombardi.it\/en\/wp-json\/wp\/v2\/types\/post"}],"author":[{"embeddable":true,"href":"https:\/\/www.museoglaucolombardi.it\/en\/wp-json\/wp\/v2\/users\/3"}],"replies":[{"embeddable":true,"href":"https:\/\/www.museoglaucolombardi.it\/en\/wp-json\/wp\/v2\/comments?post=74929"}],"version-history":[{"count":4,"href":"https:\/\/www.museoglaucolombardi.it\/en\/wp-json\/wp\/v2\/posts\/74929\/revisions"}],"predecessor-version":[{"id":111681,"href":"https:\/\/www.museoglaucolombardi.it\/en\/wp-json\/wp\/v2\/posts\/74929\/revisions\/111681"}],"wp:attachment":[{"href":"https:\/\/www.museoglaucolombardi.it\/en\/wp-json\/wp\/v2\/media?parent=74929"}],"wp:term":[{"taxonomy":"category","embeddable":true,"href":"https:\/\/www.museoglaucolombardi.it\/en\/wp-json\/wp\/v2\/categories?post=74929"},{"taxonomy":"post_tag","embeddable":true,"href":"https:\/\/www.museoglaucolombardi.it\/en\/wp-json\/wp\/v2\/tags?post=74929"}],"curies":[{"name":"wp","href":"https:\/\/api.w.org\/{rel}","templated":true}]}}