{"id":74926,"date":"2008-08-14T10:14:00","date_gmt":"2008-08-14T08:14:00","guid":{"rendered":"https:\/\/www.museoglaucolombardi.it\/paolo-toschi-e-i-freschi-del-correggio-nuova-mostra-al-museo-lombardi\/"},"modified":"2024-02-09T09:07:52","modified_gmt":"2024-02-09T08:07:52","slug":"paolo-toschi-e-i-freschi-del-correggio-nuova-mostra-al-museo-lombardi","status":"publish","type":"post","link":"https:\/\/www.museoglaucolombardi.it\/en\/paolo-toschi-e-i-freschi-del-correggio-nuova-mostra-al-museo-lombardi\/","title":{"rendered":"Paolo Toschi e i &#8220;Freschi&#8221; del Correggio: nuova mostra al Museo Lombardi"},"content":{"rendered":"<p><SPAN><br \/>\n<P class=MsoNormal>&nbsp; Nell\u2019ambito degli eventi collaterali della grande mostra evento dedicata ad Antonio Allegri detto il Correggio, il Museo Lombardi vuole proporre una iniziativa incentrata sul ciclo di incisioni realizzate da Paolo Toschi su opere del Correggio, pittore amatissimo e oggetto di straordinaria ammirazione da parte del calcografo parmigiano.<\/P><br \/>\n<P class=MsoNormal>&nbsp; L\u2019esposizione mira ad apportare un piccolo contributo nella comprensione della fortuna postuma del grande maestro cinquecentesco, la cui conoscenza diretta fu sempre fortemente limitata dall\u2019inaccessibilit\u00e0 di alcuni cicli pittorici e dal loro difficile stato conservativo, cosa che precocemente determin\u00f2 l\u2019enorme importanza delle stampe ai fini della divulgazione della sua opera. <\/P><br \/>\n<P class=MsoNormal>&nbsp;<\/P><br \/>\n<P class=MsoNormal>&nbsp; Uno dei nuclei pi\u00f9 significativi delle raccolte di Glauco Lombardi \u00e8 legato alla figura del celebre incisore Paolo Toschi, di cui il Museo conserva buona parte del patrimonio grafico e incisorio e tutto il ricchissimo fondo archivistico, materiali acquisiti direttamente dagli eredi Godi Toschi.<\/P><br \/>\n<P class=MsoNormal>&nbsp; In coerenza con la tipologia e l\u2019ambito cronologico rappresentato nelle collezioni Lombardi, \u00e8 parso significativo realizzare, in concomitanza con l\u2019evento della Galleria Nazionale, una piccola esposizione che permetta di ripercorre e visualizzare per immagini il complesso rapporto che leg\u00f2 Paolo Toschi a Correggio nell\u2019ambito di quel grandioso progetto promosso dall\u2019incisore con l\u2019aiuto della duchessa \u201cL\u2019intaglio in rame di tutti gli affresco del Correggio e di quattro del Parmigianino\u201d. L\u2019impresa, avviata nel 1839 ma ideata e sognata gi\u00e0 nel periodo giovanile, impegn\u00f2 Toschi negli ultimi quindici anni di vita e si rivel\u00f2 di straordinaria complessit\u00e0 per una serie di ragioni, non ultime di ordine tecnico ed economico. Eppure, nonostante la morte abbia impedito a Toschi di concludere il progetto, le stampe che uscirono dal suo studio ebbero tanta parte nel contribuire a diffondere la notoriet\u00e0 e la seducente, vellutata grazia del grande pittore rinascimentale, che nel morbido, perfetto bulino dell\u2019incisore trov\u00f2 una delle sue migliori traduzioni.<\/P><br \/>\n<P class=MsoNormal>&nbsp;<\/P><br \/>\n<P class=MsoNormal>&nbsp; Sfruttando il materiale del deposito, il cospicuo archivio documentario ed alcuni pezzi concessi in prestito dagli eredi di Toschi, la mostra intende ripercorrere i principali cicli incisori (San Paolo, San Giovanni, Duomo, Annunciata, Incoronata, Madonna della Scodella), affiancando, ove possibile, acquerello preparatorio, stampa e documenti originali, oltre ad alcuni fogli settecenteschi dei medesimi soggetti per favorire il confronto con la precedente tradizione calcografica.<\/P><br \/>\n<P class=MsoNormal>&nbsp; Da segnalare la presenza in mostra di una rarissima immagine fotografica, che rappresenta Paolo Toschi e la figlia Nina attorniati dagli allievi (?) della scuola: essa rappresenta l\u2019unica fotografia, al momento rintracciata, di Toschi.<\/P><br \/>\n<P class=MsoNormal><br \/>\n<P class=MsoNormal><\/P><br \/>\n<P class=MsoNormal><\/SPAN><\/P><br \/>\n<P class=MsoNormal>&nbsp;<\/P><br \/>\n<P class=MsoNormal>Mostra a cura di Francesca Sandrini<\/P><br \/>\n<P class=MsoNormal>&nbsp;<\/P><br \/>\n<P class=MsoNormal>Museo Glauco Lombardi <\/P><br \/>\n<P class=MsoNormal>Strada Garibaldi, 15 \u2013 43100 PARMA<\/P><br \/>\n<P class=MsoNormal>Piano terra \u2013 <B>Ingresso libero<\/B><\/P><br \/>\n<P class=MsoNormal>&nbsp;<\/P><br \/>\n<P class=MsoNormal><EM>Orari di apertura<\/EM>:<\/P><br \/>\n<P class=MsoNormal>&nbsp;marted\u00ec-sabato ore 9.30-15.30<\/P><br \/>\n<P class=MsoNormal>domenica e festivi ore 9.00-18.30<\/P><br \/>\n<P class=MsoNormal>&nbsp;<\/P><br \/>\n<P><\/P><\/p>\n<div class=\"link-segnalati\">\n<h2>Link segnalati<\/h2>\n<div class=\"link-segnalati__link\"><a href=\"http:\/\/www.mostracorreggioparma.it\/index.php\">Vai al sito della mostra sul Correggio<\/a><\/div>\n<\/div>\n","protected":false},"excerpt":{"rendered":"<p>&nbsp; Nell\u2019ambito degli eventi collaterali della grande mostra evento dedicata  [&#8230;]<\/p>\n","protected":false},"author":3,"featured_media":74927,"comment_status":"closed","ping_status":"closed","sticky":false,"template":"","format":"standard","meta":{"footnotes":""},"categories":[1],"tags":[],"class_list":["post-74926","post","type-post","status-publish","format-standard","has-post-thumbnail","hentry","category-non-categorizzato"],"publishpress_future_action":{"enabled":false,"date":"2026-05-06 20:49:05","action":"change-status","newStatus":"draft","terms":[],"taxonomy":"category","extraData":[]},"publishpress_future_workflow_manual_trigger":{"enabledWorkflows":[]},"_links":{"self":[{"href":"https:\/\/www.museoglaucolombardi.it\/en\/wp-json\/wp\/v2\/posts\/74926","targetHints":{"allow":["GET"]}}],"collection":[{"href":"https:\/\/www.museoglaucolombardi.it\/en\/wp-json\/wp\/v2\/posts"}],"about":[{"href":"https:\/\/www.museoglaucolombardi.it\/en\/wp-json\/wp\/v2\/types\/post"}],"author":[{"embeddable":true,"href":"https:\/\/www.museoglaucolombardi.it\/en\/wp-json\/wp\/v2\/users\/3"}],"replies":[{"embeddable":true,"href":"https:\/\/www.museoglaucolombardi.it\/en\/wp-json\/wp\/v2\/comments?post=74926"}],"version-history":[{"count":4,"href":"https:\/\/www.museoglaucolombardi.it\/en\/wp-json\/wp\/v2\/posts\/74926\/revisions"}],"predecessor-version":[{"id":111680,"href":"https:\/\/www.museoglaucolombardi.it\/en\/wp-json\/wp\/v2\/posts\/74926\/revisions\/111680"}],"wp:featuredmedia":[{"embeddable":true,"href":"https:\/\/www.museoglaucolombardi.it\/en\/wp-json\/wp\/v2\/media\/74927"}],"wp:attachment":[{"href":"https:\/\/www.museoglaucolombardi.it\/en\/wp-json\/wp\/v2\/media?parent=74926"}],"wp:term":[{"taxonomy":"category","embeddable":true,"href":"https:\/\/www.museoglaucolombardi.it\/en\/wp-json\/wp\/v2\/categories?post=74926"},{"taxonomy":"post_tag","embeddable":true,"href":"https:\/\/www.museoglaucolombardi.it\/en\/wp-json\/wp\/v2\/tags?post=74926"}],"curies":[{"name":"wp","href":"https:\/\/api.w.org\/{rel}","templated":true}]}}