{"id":74920,"date":"2008-05-20T09:25:00","date_gmt":"2008-05-20T07:25:00","guid":{"rendered":"https:\/\/www.museoglaucolombardi.it\/omaggio-a-guareschi-pittura-parmigiana-al-museo-lombardi\/"},"modified":"2024-02-09T09:00:13","modified_gmt":"2024-02-09T08:00:13","slug":"omaggio-a-guareschi-pittura-parmigiana-al-museo-lombardi","status":"publish","type":"post","link":"https:\/\/www.museoglaucolombardi.it\/en\/omaggio-a-guareschi-pittura-parmigiana-al-museo-lombardi\/","title":{"rendered":"&#8220;Omaggio a Guareschi&#8221;: pittura parmigiana al Museo Lombardi"},"content":{"rendered":"<p>E&#8217; stata inaugurata nel pomeriggio dello scorso sabato 17 maggio la mostra ospitata presso il Museo Lombardi; all&#8217;interno delle celebrazioni per il centenario dalla nascita di Giovanni Guareschi, diciotto artisti locali, coordinati da Tiziano Marcheselli, si sono uniti per ricordare l&#8217;illustre scrittore e umorista di Fontanelle.<br \/>\n&nbsp;<br \/>\nLa mostra rimarr\u00e0 aperta fino al 15 giugno, seguendo gli orari di apertura del Museo (marted\u00ec-sabato 9.30-15.30; domenica 9.00-18.30); ai visitatori sar\u00e0&nbsp;omaggiato&nbsp;il catalogo delle opere, comprensivo di alcuni saggi e memorie.<\/p>\n","protected":false},"excerpt":{"rendered":"<p>E&#8217; stata inaugurata nel pomeriggio dello scorso sabato 17 maggio  [&#8230;]<\/p>\n","protected":false},"author":3,"featured_media":74921,"comment_status":"closed","ping_status":"closed","sticky":false,"template":"","format":"standard","meta":{"footnotes":""},"categories":[1],"tags":[],"class_list":["post-74920","post","type-post","status-publish","format-standard","has-post-thumbnail","hentry","category-non-categorizzato"],"publishpress_future_action":{"enabled":false,"date":"2026-05-06 20:35:28","action":"change-status","newStatus":"draft","terms":[],"taxonomy":"category","extraData":[]},"publishpress_future_workflow_manual_trigger":{"enabledWorkflows":[]},"_links":{"self":[{"href":"https:\/\/www.museoglaucolombardi.it\/en\/wp-json\/wp\/v2\/posts\/74920","targetHints":{"allow":["GET"]}}],"collection":[{"href":"https:\/\/www.museoglaucolombardi.it\/en\/wp-json\/wp\/v2\/posts"}],"about":[{"href":"https:\/\/www.museoglaucolombardi.it\/en\/wp-json\/wp\/v2\/types\/post"}],"author":[{"embeddable":true,"href":"https:\/\/www.museoglaucolombardi.it\/en\/wp-json\/wp\/v2\/users\/3"}],"replies":[{"embeddable":true,"href":"https:\/\/www.museoglaucolombardi.it\/en\/wp-json\/wp\/v2\/comments?post=74920"}],"version-history":[{"count":1,"href":"https:\/\/www.museoglaucolombardi.it\/en\/wp-json\/wp\/v2\/posts\/74920\/revisions"}],"predecessor-version":[{"id":75656,"href":"https:\/\/www.museoglaucolombardi.it\/en\/wp-json\/wp\/v2\/posts\/74920\/revisions\/75656"}],"wp:featuredmedia":[{"embeddable":true,"href":"https:\/\/www.museoglaucolombardi.it\/en\/wp-json\/wp\/v2\/media\/74921"}],"wp:attachment":[{"href":"https:\/\/www.museoglaucolombardi.it\/en\/wp-json\/wp\/v2\/media?parent=74920"}],"wp:term":[{"taxonomy":"category","embeddable":true,"href":"https:\/\/www.museoglaucolombardi.it\/en\/wp-json\/wp\/v2\/categories?post=74920"},{"taxonomy":"post_tag","embeddable":true,"href":"https:\/\/www.museoglaucolombardi.it\/en\/wp-json\/wp\/v2\/tags?post=74920"}],"curies":[{"name":"wp","href":"https:\/\/api.w.org\/{rel}","templated":true}]}}