{"id":74890,"date":"2007-12-11T13:03:00","date_gmt":"2007-12-11T12:03:00","guid":{"rendered":"https:\/\/www.museoglaucolombardi.it\/continua-la-settimana-di-maria-luigia-i-prossimi-eventi\/"},"modified":"2024-02-09T09:00:39","modified_gmt":"2024-02-09T08:00:39","slug":"continua-la-settimana-di-maria-luigia-i-prossimi-eventi","status":"publish","type":"post","link":"https:\/\/www.museoglaucolombardi.it\/en\/continua-la-settimana-di-maria-luigia-i-prossimi-eventi\/","title":{"rendered":"Continua la Settimana di Maria Luigia: i prossimi eventi"},"content":{"rendered":"<p><P class=MsoNormal>Una Settimana di Maria Luigia quest\u2019anno votata alla musica \u00e8 quella pensata dal Museo Lombardi: davvero un grande successo ha riscosso il concerto di inaugurazione lo scorso venerd\u00ec 7 dicembre, concerto che ha presentato al numerosissimo pubblico le delicate sonorit\u00e0 del <STRONG>fortepiano di Maria Luigia d\u2019Asburgo <\/STRONG>appena restaurato e accompagnato da violino,violoncello e soprano. Le musiche scelte sono state selezionate tra quelle che il compositore Ferdinando Pa\u00ebr dedic\u00f2 a Maria Luigia, sia durante gli anni dell\u2019Impero che successivamente; del rapporto tra <STRONG>Maria Luigia e la musica <\/STRONG>parler\u00e0 anche il prof. Marco Capra, Presidente Istituzione Casa della Musica, alle <STRONG>ore 17.00 <\/STRONG>di <STRONG>venerd\u00ec 14 dicembre<\/STRONG>, in un incontro ad ingresso libero nelle sale del Museo Lombardi.<\/P><br \/>\n<P class=MsoNormal>&nbsp;<\/P><br \/>\n<P class=MsoNormal>La collaborazione con gli enti di cultura cittadini proseguir\u00e0 a partire dal prossimo anno grazie ad un accordo con il Conservatorio, che metter\u00e0 a disposizione a cadenza regolare alcuni musicisti specializzati che continueranno a rendere di nuovo vivo il fortepiano, allietando il percorso dei fortunati visitatori.<\/P><br \/>\n<P class=MsoNormal>&nbsp;<\/P><br \/>\n<P class=MsoNormal>Si ricorda infine che vi sar\u00e0 anche nella giornata di <STRONG>sabato 15 dicembre <\/STRONG>la possibilit\u00e0 di visitare il Museo con una <STRONG>visita guidata al solo prezzo del biglietto ridotto (\u20ac 2,50).<\/STRONG><\/P><\/p>\n","protected":false},"excerpt":{"rendered":"<p>Una Settimana di Maria Luigia quest\u2019anno votata alla musica \u00e8  [&#8230;]<\/p>\n","protected":false},"author":3,"featured_media":74891,"comment_status":"closed","ping_status":"closed","sticky":false,"template":"","format":"standard","meta":{"footnotes":""},"categories":[1],"tags":[],"class_list":["post-74890","post","type-post","status-publish","format-standard","has-post-thumbnail","hentry","category-non-categorizzato"],"publishpress_future_action":{"enabled":false,"date":"2026-05-07 15:25:47","action":"change-status","newStatus":"draft","terms":[],"taxonomy":"category","extraData":[]},"publishpress_future_workflow_manual_trigger":{"enabledWorkflows":[]},"_links":{"self":[{"href":"https:\/\/www.museoglaucolombardi.it\/en\/wp-json\/wp\/v2\/posts\/74890","targetHints":{"allow":["GET"]}}],"collection":[{"href":"https:\/\/www.museoglaucolombardi.it\/en\/wp-json\/wp\/v2\/posts"}],"about":[{"href":"https:\/\/www.museoglaucolombardi.it\/en\/wp-json\/wp\/v2\/types\/post"}],"author":[{"embeddable":true,"href":"https:\/\/www.museoglaucolombardi.it\/en\/wp-json\/wp\/v2\/users\/3"}],"replies":[{"embeddable":true,"href":"https:\/\/www.museoglaucolombardi.it\/en\/wp-json\/wp\/v2\/comments?post=74890"}],"version-history":[{"count":4,"href":"https:\/\/www.museoglaucolombardi.it\/en\/wp-json\/wp\/v2\/posts\/74890\/revisions"}],"predecessor-version":[{"id":111670,"href":"https:\/\/www.museoglaucolombardi.it\/en\/wp-json\/wp\/v2\/posts\/74890\/revisions\/111670"}],"wp:featuredmedia":[{"embeddable":true,"href":"https:\/\/www.museoglaucolombardi.it\/en\/wp-json\/wp\/v2\/media\/74891"}],"wp:attachment":[{"href":"https:\/\/www.museoglaucolombardi.it\/en\/wp-json\/wp\/v2\/media?parent=74890"}],"wp:term":[{"taxonomy":"category","embeddable":true,"href":"https:\/\/www.museoglaucolombardi.it\/en\/wp-json\/wp\/v2\/categories?post=74890"},{"taxonomy":"post_tag","embeddable":true,"href":"https:\/\/www.museoglaucolombardi.it\/en\/wp-json\/wp\/v2\/tags?post=74890"}],"curies":[{"name":"wp","href":"https:\/\/api.w.org\/{rel}","templated":true}]}}