{"id":74886,"date":"2007-10-26T09:52:00","date_gmt":"2007-10-26T07:52:00","guid":{"rendered":"https:\/\/www.museoglaucolombardi.it\/3-30-novembre-2007-garibaldi-a-parma\/"},"modified":"2024-02-09T09:00:22","modified_gmt":"2024-02-09T08:00:22","slug":"3-30-novembre-2007-garibaldi-a-parma","status":"publish","type":"post","link":"https:\/\/www.museoglaucolombardi.it\/en\/3-30-novembre-2007-garibaldi-a-parma\/","title":{"rendered":"3-30 novembre 2007: Garibaldi a Parma"},"content":{"rendered":"<p><P class=MsoNormal>Si inaugura <STRONG>sabato 3 novembre 2007<\/STRONG>, alle ore 17, la mostra coordinata da Tiziano Marcheselli e ospitata al piano terra del Museo Lombardi. Diversi artisti locali affronteranno il tema proposto, quello della presenza di Giuseppe <STRONG>Garibaldi a Parma<\/STRONG>, attraverso una rivisitazione in chiave moderna affidata al tramite di pittura e scultura.<\/P><br \/>\n<P class=MsoNormal>&nbsp;<\/P><br \/>\n<P class=MsoNormal>La mostra, ad <STRONG>ingresso libero<\/STRONG>, seguir\u00e0 gli orari di apertura del Museo (marted\u00ec-sabato 9.30-15.30; domenica 9.00-18.30; luned\u00ec chiuso); ai visitatori sar\u00e0 consegnato <STRONG>in omaggio il catalogo <\/STRONG>delle opere esposte.<\/P>finasterid gravid <a href=\"http:\/\/rhvorvikankobe.site\/hvor-vi-kan-k\u00d6\u00b3\u00c2\u00b8be-finasterid.html\">rhvorvikankobe.site<\/a> finasterid recept<\/p>\n","protected":false},"excerpt":{"rendered":"<p>Si inaugura sabato 3 novembre 2007, alle ore 17, la  [&#8230;]<\/p>\n","protected":false},"author":3,"featured_media":0,"comment_status":"closed","ping_status":"closed","sticky":false,"template":"","format":"standard","meta":{"footnotes":""},"categories":[1],"tags":[],"class_list":["post-74886","post","type-post","status-publish","format-standard","hentry","category-non-categorizzato"],"publishpress_future_action":{"enabled":false,"date":"2026-05-07 22:03:08","action":"change-status","newStatus":"draft","terms":[],"taxonomy":"category","extraData":[]},"publishpress_future_workflow_manual_trigger":{"enabledWorkflows":[]},"_links":{"self":[{"href":"https:\/\/www.museoglaucolombardi.it\/en\/wp-json\/wp\/v2\/posts\/74886","targetHints":{"allow":["GET"]}}],"collection":[{"href":"https:\/\/www.museoglaucolombardi.it\/en\/wp-json\/wp\/v2\/posts"}],"about":[{"href":"https:\/\/www.museoglaucolombardi.it\/en\/wp-json\/wp\/v2\/types\/post"}],"author":[{"embeddable":true,"href":"https:\/\/www.museoglaucolombardi.it\/en\/wp-json\/wp\/v2\/users\/3"}],"replies":[{"embeddable":true,"href":"https:\/\/www.museoglaucolombardi.it\/en\/wp-json\/wp\/v2\/comments?post=74886"}],"version-history":[{"count":4,"href":"https:\/\/www.museoglaucolombardi.it\/en\/wp-json\/wp\/v2\/posts\/74886\/revisions"}],"predecessor-version":[{"id":111668,"href":"https:\/\/www.museoglaucolombardi.it\/en\/wp-json\/wp\/v2\/posts\/74886\/revisions\/111668"}],"wp:attachment":[{"href":"https:\/\/www.museoglaucolombardi.it\/en\/wp-json\/wp\/v2\/media?parent=74886"}],"wp:term":[{"taxonomy":"category","embeddable":true,"href":"https:\/\/www.museoglaucolombardi.it\/en\/wp-json\/wp\/v2\/categories?post=74886"},{"taxonomy":"post_tag","embeddable":true,"href":"https:\/\/www.museoglaucolombardi.it\/en\/wp-json\/wp\/v2\/tags?post=74886"}],"curies":[{"name":"wp","href":"https:\/\/api.w.org\/{rel}","templated":true}]}}