{"id":74791,"date":"2005-12-14T14:27:00","date_gmt":"2005-12-14T13:27:00","guid":{"rendered":"https:\/\/www.museoglaucolombardi.it\/napoleone-a-parma-in-mostra-gli-acquerelli-di-vernet-e-pubblicazione-del-quaderno-n-8\/"},"modified":"2024-02-09T09:07:51","modified_gmt":"2024-02-09T08:07:51","slug":"napoleone-a-parma-in-mostra-gli-acquerelli-di-vernet-e-pubblicazione-del-quaderno-n-8","status":"publish","type":"post","link":"https:\/\/www.museoglaucolombardi.it\/en\/napoleone-a-parma-in-mostra-gli-acquerelli-di-vernet-e-pubblicazione-del-quaderno-n-8\/","title":{"rendered":"Napoleone a Parma: in mostra gli acquerelli di Vernet e pubblicazione del Quaderno n. 8"},"content":{"rendered":"<p>&nbsp;<\/p>\n<p><P class=MsoNormal>\u00c8 stata inaugurata il 10 dicembre ad apertura della VI <EM>Settimana di Maria Luigia<\/EM> la mostra dei sette acquerelli di Horace Vernet (1789-1863) acquistati lo scorso&nbsp;autunno&nbsp;dalla Fondazione Monte di Parma presso la casa d\u2019aste Christie\u2019s e concessi in comodato al Museo Lombardi, che ha potuto cos\u00ec arricchirsi di&nbsp;oggetti di alto valore documentario e artistico, legati oltretutto alla storia della citt\u00e0 di Parma.<\/P><br \/>\n<P class=MsoNormal>&nbsp;<\/P><br \/>\n<P class=MsoNormal>Gli acquerelli rappresentano infatti sette dei generali della <I>Grand Arm\u00e9e<\/I> di Napoleone, soldati che solo grazie alle proprie abilit\u00e0, e non certo per estrazione di nascita, si conquistarono la fiducia dell\u2019Imperatore e ruoli e titoli prestigiosi. Il pittore Horace Vernet, proveniente da generazioni di artisti che come lui sono da sempre presenti nei maggiori musei europei,&nbsp;segu\u00ec&nbsp; Napoleone in alcune campagne per essere pi\u00f9 vicino alla storia di cui voleva essere fedele portavoce, ed ebbe probabilmente modo di conoscere personalmente i soggetti ritratti.<\/P><br \/>\n<P class=MsoNormal>&nbsp;<\/P><br \/>\n<P class=MsoNormal>Alcuni lo seguirono fino a Sant\u2019Elena, altri lo tradirono per i Borbone, altri sacrificarono la propria vita per la gloria dell\u2019Impero. Il legame con Parma si ritrova nella figura di Jean-Andoche Junot, che nel 1806 fu nominato governatore generale degli stati parmensi da Bonaparte, in sostituzione di Moreau de Saint-M\u00e9ry. Un\u2019epopea avvincente, quella napoleonica, che trova eco anche nell\u2019arte impregnata di storia che sar\u00e0 esposta fino a fine febbraio 2006, in una mostra corredata da documenti inediti provenienti dall\u2019Archivio del Museo Lombardi e relativi alle condizioni di Parma in et\u00e0 napoleonica.<\/P><br \/>\n<P class=MsoNormal>&nbsp;<\/P><br \/>\n<P class=MsoNormal>Gli acquerelli sono tornati a far parte dell&#8217;esposizione permanente del Museo dopo il restauro conservativo sulle cornici originali che li custodiscono.<\/P><br \/>\n<P class=MsoNormal>&nbsp;<\/P><br \/>\n<P class=MsoNormal>Da&nbsp;fine gennaio&nbsp;\u00e8 infine&nbsp;disponibile l&#8217;ottavo&nbsp;numero della collana <STRONG>&#8220;Quaderni del Museo&#8221; <\/STRONG>(MUP Editore). Il libro, di dott. Mario Zannoni, che ha anticipato parte della sua ricerca nell&#8217;interessante e affollata conferenza del 16 dicembre 2005, \u00e8 intitolato <STRONG>&#8220;Napoleone Bonaparte a Parma nel 1805&#8221;<\/STRONG>,<STRONG> <\/STRONG>un omaggio al passaggio dell&#8217;imperatore a Parma, la stessa citt\u00e0 che, caduto l&#8217;Impero, fu poi assegnata a Maria Luigia,&nbsp;sua seconda moglie.<\/P><br \/>\n<P class=MsoNormal>&nbsp;<\/P><br \/>\n<P class=MsoNormal>Napoleone Bonaparte visit\u00f2 Parma durante il suo viaggio in Italia nel 1805; giunto in citt\u00e0 il 26 giugno, soggiorn\u00f2 a Palazzo Sanvitale, che fu messo a completa disposizione dell\u2019Imperatore e della sua corte da parte di Stefano Sanvitale, <I>maire<\/I> di Parma. Anche se si ferm\u00f2 in citt\u00e0 per un solo giorno, la sua visita si rivel\u00f2 fondamentale per la futura organizzazione degli Stati Parmensi all\u2019interno dell\u2019Impero francese.<\/P><br \/>\n<P class=MsoNormal>&nbsp;<\/P><\/p>\n<div class=\"link-segnalati\">\n<h2>Link segnalati<\/h2>\n<div class=\"link-segnalati__link\"><a href=\"#\"><\/a><a href=\"http:\/\/www.fondazionemonteparma.it\/page\/pageDown.asp?IDCategoria=1186&#038;IDSezione=6472&#038;IDSottosezione=&#038;IDOggetto=3893&#038;Tipo=NEWS\" class=\"menu-dx-link\">Vedi la scheda del Quaderno n. 8<\/a><\/div>\n<\/div>\n<div class=\"allegati-segnalati\">\n<h2>Allegati<\/h2>\n<div class=\"allegati-segnalati__allegati\"><a href=\"https:\/\/www.museoglaucolombardi.it\/wp-content\/uploads\/2022\/10\/generali.doc\">Le biografie dei sette generali<\/a><\/div>\n<\/div>\n","protected":false},"excerpt":{"rendered":"<p>&nbsp; \u00c8 stata inaugurata il 10 dicembre ad apertura della  [&#8230;]<\/p>\n","protected":false},"author":3,"featured_media":74794,"comment_status":"closed","ping_status":"closed","sticky":false,"template":"","format":"standard","meta":{"footnotes":""},"categories":[1],"tags":[],"class_list":["post-74791","post","type-post","status-publish","format-standard","has-post-thumbnail","hentry","category-non-categorizzato"],"publishpress_future_action":{"enabled":false,"date":"2026-05-08 04:04:50","action":"change-status","newStatus":"draft","terms":[],"taxonomy":"category","extraData":[]},"publishpress_future_workflow_manual_trigger":{"enabledWorkflows":[]},"_links":{"self":[{"href":"https:\/\/www.museoglaucolombardi.it\/en\/wp-json\/wp\/v2\/posts\/74791","targetHints":{"allow":["GET"]}}],"collection":[{"href":"https:\/\/www.museoglaucolombardi.it\/en\/wp-json\/wp\/v2\/posts"}],"about":[{"href":"https:\/\/www.museoglaucolombardi.it\/en\/wp-json\/wp\/v2\/types\/post"}],"author":[{"embeddable":true,"href":"https:\/\/www.museoglaucolombardi.it\/en\/wp-json\/wp\/v2\/users\/3"}],"replies":[{"embeddable":true,"href":"https:\/\/www.museoglaucolombardi.it\/en\/wp-json\/wp\/v2\/comments?post=74791"}],"version-history":[{"count":27,"href":"https:\/\/www.museoglaucolombardi.it\/en\/wp-json\/wp\/v2\/posts\/74791\/revisions"}],"predecessor-version":[{"id":111642,"href":"https:\/\/www.museoglaucolombardi.it\/en\/wp-json\/wp\/v2\/posts\/74791\/revisions\/111642"}],"wp:featuredmedia":[{"embeddable":true,"href":"https:\/\/www.museoglaucolombardi.it\/en\/wp-json\/wp\/v2\/media\/74794"}],"wp:attachment":[{"href":"https:\/\/www.museoglaucolombardi.it\/en\/wp-json\/wp\/v2\/media?parent=74791"}],"wp:term":[{"taxonomy":"category","embeddable":true,"href":"https:\/\/www.museoglaucolombardi.it\/en\/wp-json\/wp\/v2\/categories?post=74791"},{"taxonomy":"post_tag","embeddable":true,"href":"https:\/\/www.museoglaucolombardi.it\/en\/wp-json\/wp\/v2\/tags?post=74791"}],"curies":[{"name":"wp","href":"https:\/\/api.w.org\/{rel}","templated":true}]}}