{"id":74788,"date":"2005-12-14T13:22:00","date_gmt":"2005-12-14T12:22:00","guid":{"rendered":"https:\/\/www.museoglaucolombardi.it\/venerdi-16-dicembre-conferenza-su-napoleone-a-parma\/"},"modified":"2024-02-09T09:10:10","modified_gmt":"2024-02-09T08:10:10","slug":"venerdi-16-dicembre-conferenza-su-napoleone-a-parma","status":"publish","type":"post","link":"https:\/\/www.museoglaucolombardi.it\/en\/venerdi-16-dicembre-conferenza-su-napoleone-a-parma\/","title":{"rendered":"Venerd\u00ec 16 dicembre, conferenza su Napoleone a Parma"},"content":{"rendered":"<p>All&#8217;interno della <EM>Settimana di Maria Luigia<\/EM>, giunta quest&#8217;anno alla VI edizione, si \u00e8 tenuta venerd\u00ec 16 dicembre la conferenza del dott. Mario Zannoni &#8220;26 giugno 1805: Napoleone a Parma&#8221;, durante la quale lo studioso ha esposto i risultati delle sue ricerche sul passaggio dell&#8217;Imperatore in citt\u00e0.<br \/>\n&nbsp;<br \/>\nIl pubblico,&nbsp;accorso numeroso e tra il quale si sono notate diverse personalit\u00e0 di Parma e provincia,&nbsp;ha dimostrato di apprezzare la narrazione appassionata e convincente del dott. Zannoni, che ha arricchito &nbsp;di notizie curiose e documentate la coinvolgente narrazione.<br \/>\n&nbsp;<br \/>\nLa conferenza, svoltasi proprio a Palazzo Sanvitale, luogo deputato ad accogliere Napoleone e il suo seguito per la notte in cui il corteo imperiale si ferm\u00f2 in citt\u00e0, costituisce un anticipo del Quaderno del Museo n. 8, la cui uscita \u00e8 prevista per fine gennaio 2006.<\/p>\n","protected":false},"excerpt":{"rendered":"<p>All&#8217;interno della Settimana di Maria Luigia, giunta quest&#8217;anno alla VI  [&#8230;]<\/p>\n","protected":false},"author":3,"featured_media":74789,"comment_status":"closed","ping_status":"closed","sticky":false,"template":"","format":"standard","meta":{"footnotes":""},"categories":[1],"tags":[],"class_list":["post-74788","post","type-post","status-publish","format-standard","has-post-thumbnail","hentry","category-non-categorizzato"],"publishpress_future_action":{"enabled":false,"date":"2026-05-08 05:26:43","action":"change-status","newStatus":"draft","terms":[],"taxonomy":"category","extraData":[]},"publishpress_future_workflow_manual_trigger":{"enabledWorkflows":[]},"_links":{"self":[{"href":"https:\/\/www.museoglaucolombardi.it\/en\/wp-json\/wp\/v2\/posts\/74788","targetHints":{"allow":["GET"]}}],"collection":[{"href":"https:\/\/www.museoglaucolombardi.it\/en\/wp-json\/wp\/v2\/posts"}],"about":[{"href":"https:\/\/www.museoglaucolombardi.it\/en\/wp-json\/wp\/v2\/types\/post"}],"author":[{"embeddable":true,"href":"https:\/\/www.museoglaucolombardi.it\/en\/wp-json\/wp\/v2\/users\/3"}],"replies":[{"embeddable":true,"href":"https:\/\/www.museoglaucolombardi.it\/en\/wp-json\/wp\/v2\/comments?post=74788"}],"version-history":[{"count":1,"href":"https:\/\/www.museoglaucolombardi.it\/en\/wp-json\/wp\/v2\/posts\/74788\/revisions"}],"predecessor-version":[{"id":75612,"href":"https:\/\/www.museoglaucolombardi.it\/en\/wp-json\/wp\/v2\/posts\/74788\/revisions\/75612"}],"wp:featuredmedia":[{"embeddable":true,"href":"https:\/\/www.museoglaucolombardi.it\/en\/wp-json\/wp\/v2\/media\/74789"}],"wp:attachment":[{"href":"https:\/\/www.museoglaucolombardi.it\/en\/wp-json\/wp\/v2\/media?parent=74788"}],"wp:term":[{"taxonomy":"category","embeddable":true,"href":"https:\/\/www.museoglaucolombardi.it\/en\/wp-json\/wp\/v2\/categories?post=74788"},{"taxonomy":"post_tag","embeddable":true,"href":"https:\/\/www.museoglaucolombardi.it\/en\/wp-json\/wp\/v2\/tags?post=74788"}],"curies":[{"name":"wp","href":"https:\/\/api.w.org\/{rel}","templated":true}]}}