{"id":74787,"date":"2005-11-23T14:32:00","date_gmt":"2005-11-23T13:32:00","guid":{"rendered":"https:\/\/www.museoglaucolombardi.it\/ricordanze-di-sapori-al-museo-lombardi\/"},"modified":"2024-02-09T09:07:55","modified_gmt":"2024-02-09T08:07:55","slug":"ricordanze-di-sapori-al-museo-lombardi","status":"publish","type":"post","link":"https:\/\/www.museoglaucolombardi.it\/en\/ricordanze-di-sapori-al-museo-lombardi\/","title":{"rendered":"Ricordanze di Sapori al Museo Lombardi"},"content":{"rendered":"<p><P class=MsoNormal>Anche per l\u2019autunno 2005 il Museo Lombardi \u00e8 stato inserito tra gli appuntamenti delle Ricordanze di Sapori, il calendario di incontri sospesi tra storia, arte e gastronomia&nbsp;ideato con successo dall\u2019Associazione Castelli del Ducato. Come lo scorso anno, il programma prevedeva una visita guidata alle collezioni, rallegrata dalla presenza dei danzatori di Fontanalata, che hanno riportato in vita le figure di Maria Luigia e Neipperg.&nbsp;Si \u00e8 proseguito poi&nbsp;con&nbsp;il classico t\u00e8 pomeridiano, disponibile in diverse qualit\u00e0, accompagnato da una lunga lista di delizie dolci e salate, ricalcate sui prodotti che storicamente sono apparsi sulle tavole della Duchessa, una piacevole occasione per assaporare l\u2019atmosfera ottocentesca del salotto ducale.<\/P><br \/>\n<P class=MsoNormal>&nbsp;<\/P><br \/>\n<P class=MsoNormal><br \/>\n<P class=MsoNormal><\/P>Gli appuntamenti si&nbsp;sono svolti sabato 19 e 26 novembre; per contattare l\u2019organizzazione, ci si pu\u00f2 rivolgere alla Segreteria dei Castelli del Ducato allo 0521 829055.<br \/>\n<P><\/P><\/p>\n","protected":false},"excerpt":{"rendered":"<p>Anche per l\u2019autunno 2005 il Museo Lombardi \u00e8 stato inserito  [&#8230;]<\/p>\n","protected":false},"author":3,"featured_media":0,"comment_status":"closed","ping_status":"closed","sticky":false,"template":"","format":"standard","meta":{"footnotes":""},"categories":[1],"tags":[],"class_list":["post-74787","post","type-post","status-publish","format-standard","hentry","category-non-categorizzato"],"publishpress_future_action":{"enabled":false,"date":"2026-05-08 05:26:46","action":"change-status","newStatus":"draft","terms":[],"taxonomy":"category","extraData":[]},"publishpress_future_workflow_manual_trigger":{"enabledWorkflows":[]},"_links":{"self":[{"href":"https:\/\/www.museoglaucolombardi.it\/en\/wp-json\/wp\/v2\/posts\/74787","targetHints":{"allow":["GET"]}}],"collection":[{"href":"https:\/\/www.museoglaucolombardi.it\/en\/wp-json\/wp\/v2\/posts"}],"about":[{"href":"https:\/\/www.museoglaucolombardi.it\/en\/wp-json\/wp\/v2\/types\/post"}],"author":[{"embeddable":true,"href":"https:\/\/www.museoglaucolombardi.it\/en\/wp-json\/wp\/v2\/users\/3"}],"replies":[{"embeddable":true,"href":"https:\/\/www.museoglaucolombardi.it\/en\/wp-json\/wp\/v2\/comments?post=74787"}],"version-history":[{"count":4,"href":"https:\/\/www.museoglaucolombardi.it\/en\/wp-json\/wp\/v2\/posts\/74787\/revisions"}],"predecessor-version":[{"id":111640,"href":"https:\/\/www.museoglaucolombardi.it\/en\/wp-json\/wp\/v2\/posts\/74787\/revisions\/111640"}],"wp:attachment":[{"href":"https:\/\/www.museoglaucolombardi.it\/en\/wp-json\/wp\/v2\/media?parent=74787"}],"wp:term":[{"taxonomy":"category","embeddable":true,"href":"https:\/\/www.museoglaucolombardi.it\/en\/wp-json\/wp\/v2\/categories?post=74787"},{"taxonomy":"post_tag","embeddable":true,"href":"https:\/\/www.museoglaucolombardi.it\/en\/wp-json\/wp\/v2\/tags?post=74787"}],"curies":[{"name":"wp","href":"https:\/\/api.w.org\/{rel}","templated":true}]}}