{"id":74736,"date":"2004-05-27T15:40:00","date_gmt":"2004-05-27T13:40:00","guid":{"rendered":"https:\/\/www.museoglaucolombardi.it\/ricordanze-di-sapori-anche-il-museo-lombardi-nel-programma-2004\/"},"modified":"2024-02-09T09:07:55","modified_gmt":"2024-02-09T08:07:55","slug":"ricordanze-di-sapori-anche-il-museo-lombardi-nel-programma-2004","status":"publish","type":"post","link":"https:\/\/www.museoglaucolombardi.it\/en\/ricordanze-di-sapori-anche-il-museo-lombardi-nel-programma-2004\/","title":{"rendered":"Ricordanze di Sapori: anche il Museo Lombardi nel programma 2004"},"content":{"rendered":"<p><P class=MsoNormal>E\u2019 giunta alla sua ottava edizione la fortunata iniziativa \u201cRicordanze di sapori\u201d, la suggestiva serie di cene in costume che l\u2019Associazione \u201cCastelli del Ducato di Parma e Piacenza\u201d, in collaborazione con gli assessorati al turismo delle due province emiliane, da tempo organizza nei luoghi pi\u00f9 ricchi di fascino e storia del nostro territorio.<\/P><br \/>\n<P class=MsoNormal>Il programma ha coinvolto per l&#8217;anno 2004&nbsp;anche il Museo Glauco Lombardi, che dell\u2019Associazione \u00e8 da anni socio sostenitore:&nbsp;sia perch\u00e9, nel pomeriggio del 27 novembre, il Museo&nbsp;\u00e8 stato&nbsp;teatro di un inedito <I>go\u00fbter <\/I>ottocentesco;&nbsp;sia perch\u00e8, nel frattempo,&nbsp;ha ospitato la conferenza con cui il 27 maggio, alla presenza del Presidente della provincia Vincenzo Bernazzoli, dell\u2019Assessore provinciale al Turismo Caterina Siliprandi, del Presidente dell\u2019Associazione conte Orazio Zanardi Landi e del presidente del Museo Alberto Greci, \u00e8 stato presentato alla stampa il programma per il 2004. <\/P><br \/>\n<P class=MsoNormal>Com\u2019\u00e8 ormai consuetudine, negli eccezionali scenari delle rocche parmensi e piacentine i migliori <I>chef <\/I>della zona hanno proposto, tra animazioni d\u2019ispirazione cortese, le loro personali riletture di piatti legati alla tradizione gastronomica nobiliare. <\/P><br \/>\n<P class=MsoNormal>Al Museo Glauco Lombardi, accanto alla pi\u00f9 tradizionale visita alle opere d\u2019arte e ai cimeli storici,&nbsp;\u00e8 stata&nbsp;riproposta una merenda di corte in un pomeriggio d\u2019inverno. <I>Nel salotto di Maria Luigia<\/I>, questo il titolo che \u00e8 stato dato all\u2019appuntamento, prevedeva un <I>menu<\/I> in cui, sulla scorta della biografia e delle preferenze culinarie della Duchessa, le tradizioni pasticcere italiana e d\u2019oltralpe sono state fuse&nbsp;in un insieme armonioso: th\u00e8 aromatizzati, cioccolata e caff\u00e8 con panna hanno accompagnato infatti i baci di dama, i bign\u00e8 alla crema Chantilly, le torte di cioccolato e di mele e, ancora, le mille foglie, le meringhe assortite, i bab\u00e0, i <I>marron glac\u00e9<\/I>, lo zabaione caldo e i savoiardi, i cioccolatini e le praline. <\/P><\/p>\n","protected":false},"excerpt":{"rendered":"<p>E\u2019 giunta alla sua ottava edizione la fortunata iniziativa \u201cRicordanze  [&#8230;]<\/p>\n","protected":false},"author":3,"featured_media":74737,"comment_status":"closed","ping_status":"closed","sticky":false,"template":"","format":"standard","meta":{"footnotes":""},"categories":[1],"tags":[],"class_list":["post-74736","post","type-post","status-publish","format-standard","has-post-thumbnail","hentry","category-non-categorizzato"],"publishpress_future_action":{"enabled":false,"date":"2026-05-06 20:51:44","action":"change-status","newStatus":"draft","terms":[],"taxonomy":"category","extraData":[]},"publishpress_future_workflow_manual_trigger":{"enabledWorkflows":[]},"_links":{"self":[{"href":"https:\/\/www.museoglaucolombardi.it\/en\/wp-json\/wp\/v2\/posts\/74736","targetHints":{"allow":["GET"]}}],"collection":[{"href":"https:\/\/www.museoglaucolombardi.it\/en\/wp-json\/wp\/v2\/posts"}],"about":[{"href":"https:\/\/www.museoglaucolombardi.it\/en\/wp-json\/wp\/v2\/types\/post"}],"author":[{"embeddable":true,"href":"https:\/\/www.museoglaucolombardi.it\/en\/wp-json\/wp\/v2\/users\/3"}],"replies":[{"embeddable":true,"href":"https:\/\/www.museoglaucolombardi.it\/en\/wp-json\/wp\/v2\/comments?post=74736"}],"version-history":[{"count":4,"href":"https:\/\/www.museoglaucolombardi.it\/en\/wp-json\/wp\/v2\/posts\/74736\/revisions"}],"predecessor-version":[{"id":111624,"href":"https:\/\/www.museoglaucolombardi.it\/en\/wp-json\/wp\/v2\/posts\/74736\/revisions\/111624"}],"wp:featuredmedia":[{"embeddable":true,"href":"https:\/\/www.museoglaucolombardi.it\/en\/wp-json\/wp\/v2\/media\/74737"}],"wp:attachment":[{"href":"https:\/\/www.museoglaucolombardi.it\/en\/wp-json\/wp\/v2\/media?parent=74736"}],"wp:term":[{"taxonomy":"category","embeddable":true,"href":"https:\/\/www.museoglaucolombardi.it\/en\/wp-json\/wp\/v2\/categories?post=74736"},{"taxonomy":"post_tag","embeddable":true,"href":"https:\/\/www.museoglaucolombardi.it\/en\/wp-json\/wp\/v2\/tags?post=74736"}],"curies":[{"name":"wp","href":"https:\/\/api.w.org\/{rel}","templated":true}]}}