{"id":74727,"date":"2004-03-23T12:20:00","date_gmt":"2004-03-23T11:20:00","guid":{"rendered":"https:\/\/www.museoglaucolombardi.it\/la-mostra-karl-pirko-larmaiolo-degli-asburgo\/"},"modified":"2024-02-09T09:02:01","modified_gmt":"2024-02-09T08:02:01","slug":"la-mostra-karl-pirko-larmaiolo-degli-asburgo","status":"publish","type":"post","link":"https:\/\/www.museoglaucolombardi.it\/en\/la-mostra-karl-pirko-larmaiolo-degli-asburgo\/","title":{"rendered":"La mostra &#8220;Karl Pirko. L&#8217;armaiolo degli Asburgo&#8221;"},"content":{"rendered":"<p><P class=MsoNormal>(dicembre 2003)<\/P><br \/>\n<P class=MsoNormal>&nbsp;<\/P><br \/>\n<P class=MsoNormal>Il 13 dicembre 2003, nel corso del tradizionale appuntamento con la <I>Settimana di Maria Luigia<\/I>, \u00e8 stata inaugurata presso il Museo Glauco Lombardi di Parma la mostra \u201cKarl Pirko. L\u2019Armaiolo Viennese\u201d, che si \u00e8 chiusa&nbsp;il 21 marzo 2004. Con l\u2019occasione si \u00e8 esposta al pubblico la raccolta di armi ottocentesche del collezionista Roberto Vecchi, tutte realizzate dal noto armaiolo austriaco Karl Pirko (Vienna 1804-1867), che a partire dal 1831 riforn\u00ec la nobilt\u00e0 viennese, e in particolare gli Asburgo, di armi sia civili che militari. Tra le sue opere, ricordiamo la coppia di pistole da duello in cassetta appositamente fabbricate per il Duca di Reichstadt e conservate oggi presso il <I>Kunsthistorisches Museum<\/I> di Vienna. L\u2019inaugurazione, cui sono intervenuti vari esperti del settore, \u00e8 stata animata dalla <EM>Neuvi\u00e8me Demi-brigade de Infanterie L\u00e9g\u00e8re<\/EM>&nbsp;dell&#8217;Associazione Napoleonica d&#8217;Italia. <\/P><br \/>\n<P class=MsoNormal>&nbsp;<\/P><br \/>\n<P class=MsoNormal>La serie in mostra, composta da 12 pistole, 3 coppie in cassetta con accessori e 14 fucili con buffetteria e baionette, \u00e8 affiancata da un pi\u00f9 ridotto nucleo di armi bianche del XIX secolo, pure provenienti dalla collezione Vecchi, e da alcuni pezzi normalmente conservati nei depositi del Museo Lombardi. <\/P><br \/>\n<P class=MsoNormal>&nbsp;<\/P><br \/>\n<P class=MsoNormal>In concomitanza con la mostra, il Museo ha organizzato inoltre una <B>conferenza,<\/B> aperta a tutti gli interessati, dal titolo <B><I>Armi e Armaioli del XIX secolo<\/I><\/B>, il cui relatore \u00e8 stato il consigliere dell\u2019Accademia di San Marciano dott. <STRONG>Roberto Gobetti, <\/STRONG>tenutasi&nbsp;<STRONG>gioved\u00ec 18 dicembre 2003<\/STRONG> <B>alle ore 17.30<\/B>, sempre presso la sede del Museo.<\/P><br \/>\n<P class=MsoNormal>&nbsp;<\/P><br \/>\n<P class=MsoNormal>La mostra, prima rassegna monografica al mondo dedicata a Karl Pirko, rappresenta un evento unico che rende visibili armi mai prima esposte, venendo altres\u00ec a costituire un\u2019interessante occasione d\u2019incontro per collezionisti ed appassionati italiani ed europei. <\/P><br \/>\n<P class=MsoNormal>L\u2019esposizione pu\u00f2 dimostrarsi anche un\u2019allettante opportunit\u00e0 per proseguire la visita e ammirare, nelle sale del Museo al piano superiore, il pregevole nucleo di armi sette- e ottocentesche, oltre al resto della raccolta Lombardi.<\/P><br \/>\n<P class=MsoNormal>Il <B>catalogo della mostra<\/B> (Ermanno Albertelli Editore), con testi in italiano e tedesco, \u00e8 in vendita presso il book-shop del Museo.<\/P><br \/>\n<P class=MsoNormal>&nbsp;<\/P><\/p>\n<div class=\"link-segnalati\">\n<h2>Link segnalati<\/h2>\n<div class=\"link-segnalati__link\"><a href=\"http:\/\/www.museolombardi.it\/sitolombardi\/mostrapirko.wmv\">Il filmato della mostra<\/a><\/div>\n<\/div>\n","protected":false},"excerpt":{"rendered":"<p>(dicembre 2003) &nbsp; Il 13 dicembre 2003, nel corso del  [&#8230;]<\/p>\n","protected":false},"author":3,"featured_media":74728,"comment_status":"closed","ping_status":"closed","sticky":false,"template":"","format":"standard","meta":{"footnotes":""},"categories":[1],"tags":[],"class_list":["post-74727","post","type-post","status-publish","format-standard","has-post-thumbnail","hentry","category-non-categorizzato"],"publishpress_future_action":{"enabled":false,"date":"2026-05-06 19:23:39","action":"change-status","newStatus":"draft","terms":[],"taxonomy":"category","extraData":[]},"publishpress_future_workflow_manual_trigger":{"enabledWorkflows":[]},"_links":{"self":[{"href":"https:\/\/www.museoglaucolombardi.it\/en\/wp-json\/wp\/v2\/posts\/74727","targetHints":{"allow":["GET"]}}],"collection":[{"href":"https:\/\/www.museoglaucolombardi.it\/en\/wp-json\/wp\/v2\/posts"}],"about":[{"href":"https:\/\/www.museoglaucolombardi.it\/en\/wp-json\/wp\/v2\/types\/post"}],"author":[{"embeddable":true,"href":"https:\/\/www.museoglaucolombardi.it\/en\/wp-json\/wp\/v2\/users\/3"}],"replies":[{"embeddable":true,"href":"https:\/\/www.museoglaucolombardi.it\/en\/wp-json\/wp\/v2\/comments?post=74727"}],"version-history":[{"count":4,"href":"https:\/\/www.museoglaucolombardi.it\/en\/wp-json\/wp\/v2\/posts\/74727\/revisions"}],"predecessor-version":[{"id":111622,"href":"https:\/\/www.museoglaucolombardi.it\/en\/wp-json\/wp\/v2\/posts\/74727\/revisions\/111622"}],"wp:featuredmedia":[{"embeddable":true,"href":"https:\/\/www.museoglaucolombardi.it\/en\/wp-json\/wp\/v2\/media\/74728"}],"wp:attachment":[{"href":"https:\/\/www.museoglaucolombardi.it\/en\/wp-json\/wp\/v2\/media?parent=74727"}],"wp:term":[{"taxonomy":"category","embeddable":true,"href":"https:\/\/www.museoglaucolombardi.it\/en\/wp-json\/wp\/v2\/categories?post=74727"},{"taxonomy":"post_tag","embeddable":true,"href":"https:\/\/www.museoglaucolombardi.it\/en\/wp-json\/wp\/v2\/tags?post=74727"}],"curies":[{"name":"wp","href":"https:\/\/api.w.org\/{rel}","templated":true}]}}