{"id":114946,"date":"2025-11-26T12:31:16","date_gmt":"2025-11-26T11:31:16","guid":{"rendered":"https:\/\/www.museoglaucolombardi.it\/?p=114946"},"modified":"2025-12-13T10:54:32","modified_gmt":"2025-12-13T09:54:32","slug":"8-dicembre-apertura-straordinaria","status":"publish","type":"post","link":"https:\/\/www.museoglaucolombardi.it\/en\/8-dicembre-apertura-straordinaria\/","title":{"rendered":"8 dicembre, apertura straordinaria"},"content":{"rendered":"\n<p>In occasione della Festivit\u00e0 dell&#8217;Immacolata concezione, luned\u00ec 8 dicembre 2025, si comunica che il Museo osserver\u00e0 una giornata di apertura straordinaria con orario festivo, dalle 9.30 alle 19.00.<\/p>\n\n\n\n<p>La giornata \u00e8 compresa nella XXV &#8220;Settimana di Maria Luigia&#8221;, che verr\u00e0 inaugurata sabato 6 dicembre: scopritene tutte le offerte sulla nostra pagina <a href=\"https:\/\/www.museoglaucolombardi.it\/a-dicembre-la-xxv-settimana-di-maria-luigia\/\">https:\/\/www.museoglaucolombardi.it\/a-dicembre-la-xxv-settimana-di-maria-luigia\/<\/a><\/p>\n","protected":false},"excerpt":{"rendered":"<p>In occasione della Festivit\u00e0 dell&#8217;Immacolata concezione, luned\u00ec 8 dicembre 2025,  [&#8230;]<\/p>\n","protected":false},"author":8,"featured_media":111901,"comment_status":"closed","ping_status":"closed","sticky":false,"template":"","format":"standard","meta":{"footnotes":""},"categories":[1],"tags":[],"class_list":["post-114946","post","type-post","status-publish","format-standard","has-post-thumbnail","hentry","category-non-categorizzato"],"publishpress_future_action":{"enabled":false,"date":"2026-05-06 11:57:40","action":"change-status","newStatus":"draft","terms":[],"taxonomy":"category","extraData":[]},"publishpress_future_workflow_manual_trigger":{"enabledWorkflows":[]},"_links":{"self":[{"href":"https:\/\/www.museoglaucolombardi.it\/en\/wp-json\/wp\/v2\/posts\/114946","targetHints":{"allow":["GET"]}}],"collection":[{"href":"https:\/\/www.museoglaucolombardi.it\/en\/wp-json\/wp\/v2\/posts"}],"about":[{"href":"https:\/\/www.museoglaucolombardi.it\/en\/wp-json\/wp\/v2\/types\/post"}],"author":[{"embeddable":true,"href":"https:\/\/www.museoglaucolombardi.it\/en\/wp-json\/wp\/v2\/users\/8"}],"replies":[{"embeddable":true,"href":"https:\/\/www.museoglaucolombardi.it\/en\/wp-json\/wp\/v2\/comments?post=114946"}],"version-history":[{"count":1,"href":"https:\/\/www.museoglaucolombardi.it\/en\/wp-json\/wp\/v2\/posts\/114946\/revisions"}],"predecessor-version":[{"id":114947,"href":"https:\/\/www.museoglaucolombardi.it\/en\/wp-json\/wp\/v2\/posts\/114946\/revisions\/114947"}],"wp:featuredmedia":[{"embeddable":true,"href":"https:\/\/www.museoglaucolombardi.it\/en\/wp-json\/wp\/v2\/media\/111901"}],"wp:attachment":[{"href":"https:\/\/www.museoglaucolombardi.it\/en\/wp-json\/wp\/v2\/media?parent=114946"}],"wp:term":[{"taxonomy":"category","embeddable":true,"href":"https:\/\/www.museoglaucolombardi.it\/en\/wp-json\/wp\/v2\/categories?post=114946"},{"taxonomy":"post_tag","embeddable":true,"href":"https:\/\/www.museoglaucolombardi.it\/en\/wp-json\/wp\/v2\/tags?post=114946"}],"curies":[{"name":"wp","href":"https:\/\/api.w.org\/{rel}","templated":true}]}}