{"id":114216,"date":"2024-12-14T12:56:34","date_gmt":"2024-12-14T11:56:34","guid":{"rendered":"https:\/\/www.museoglaucolombardi.it\/?p=114216"},"modified":"2024-12-17T10:25:14","modified_gmt":"2024-12-17T09:25:14","slug":"domenica-15-dicembre-ultimo-appuntamento-per-musica-al-museo","status":"publish","type":"post","link":"https:\/\/www.museoglaucolombardi.it\/en\/domenica-15-dicembre-ultimo-appuntamento-per-musica-al-museo\/","title":{"rendered":"Domenica 15 dicembre ultimo appuntamento per &#8220;Musica al Museo&#8221;"},"content":{"rendered":"\n<p>Protagonisti del concerto, ultimo appuntamento annuale della nostra XV rassegna musicale, saranno il soprano Tania Bussi e Nicola Montenz al fortepiano, che alterneranno &#8220;Luci del Nord e ombre del Mezzogiorno&#8221; attraverso i lieder di Schubert e una splendida ballata di Loewe.<\/p>\n\n\n\n<p>L&#8217;evento, che inizier\u00e0 alle ore 16.00, \u00e8 gi\u00e0 compreso nel biglietto d&#8217;ingresso al Museo (\u20ac 7,00); prenotazione consigliata alla mail info@museoglaucolombardi.it o al numero del Museo 0521 233727.<\/p>\n","protected":false},"excerpt":{"rendered":"<p>Protagonisti del concerto, ultimo appuntamento annuale della nostra XV rassegna  [&#8230;]<\/p>\n","protected":false},"author":8,"featured_media":114217,"comment_status":"closed","ping_status":"closed","sticky":false,"template":"","format":"standard","meta":{"footnotes":""},"categories":[1],"tags":[],"class_list":["post-114216","post","type-post","status-publish","format-standard","has-post-thumbnail","hentry","category-non-categorizzato"],"publishpress_future_action":{"enabled":false,"date":"2026-05-06 13:04:28","action":"change-status","newStatus":"draft","terms":[],"taxonomy":"category","extraData":[]},"publishpress_future_workflow_manual_trigger":{"enabledWorkflows":[]},"_links":{"self":[{"href":"https:\/\/www.museoglaucolombardi.it\/en\/wp-json\/wp\/v2\/posts\/114216","targetHints":{"allow":["GET"]}}],"collection":[{"href":"https:\/\/www.museoglaucolombardi.it\/en\/wp-json\/wp\/v2\/posts"}],"about":[{"href":"https:\/\/www.museoglaucolombardi.it\/en\/wp-json\/wp\/v2\/types\/post"}],"author":[{"embeddable":true,"href":"https:\/\/www.museoglaucolombardi.it\/en\/wp-json\/wp\/v2\/users\/8"}],"replies":[{"embeddable":true,"href":"https:\/\/www.museoglaucolombardi.it\/en\/wp-json\/wp\/v2\/comments?post=114216"}],"version-history":[{"count":1,"href":"https:\/\/www.museoglaucolombardi.it\/en\/wp-json\/wp\/v2\/posts\/114216\/revisions"}],"predecessor-version":[{"id":114221,"href":"https:\/\/www.museoglaucolombardi.it\/en\/wp-json\/wp\/v2\/posts\/114216\/revisions\/114221"}],"wp:featuredmedia":[{"embeddable":true,"href":"https:\/\/www.museoglaucolombardi.it\/en\/wp-json\/wp\/v2\/media\/114217"}],"wp:attachment":[{"href":"https:\/\/www.museoglaucolombardi.it\/en\/wp-json\/wp\/v2\/media?parent=114216"}],"wp:term":[{"taxonomy":"category","embeddable":true,"href":"https:\/\/www.museoglaucolombardi.it\/en\/wp-json\/wp\/v2\/categories?post=114216"},{"taxonomy":"post_tag","embeddable":true,"href":"https:\/\/www.museoglaucolombardi.it\/en\/wp-json\/wp\/v2\/tags?post=114216"}],"curies":[{"name":"wp","href":"https:\/\/api.w.org\/{rel}","templated":true}]}}