{"id":114130,"date":"2024-11-19T16:27:46","date_gmt":"2024-11-19T15:27:46","guid":{"rendered":"https:\/\/www.museoglaucolombardi.it\/?p=114130"},"modified":"2024-12-17T10:24:59","modified_gmt":"2024-12-17T09:24:59","slug":"settimana-di-maria-luigia-il-7-dicembre-al-via-la-xxiv-edizione","status":"publish","type":"post","link":"https:\/\/www.museoglaucolombardi.it\/en\/settimana-di-maria-luigia-il-7-dicembre-al-via-la-xxiv-edizione\/","title":{"rendered":"&#8220;Settimana di Maria Luigia&#8221; (7-15 dicembre 2024): ecco il programma!"},"content":{"rendered":"\n<p>Dicembre, al Museo Glauco Lombardi, \u00e8 sinonimo di eventi di ogni tipo sotto l&#8217;egida della &#8220;Settimana di Maria Luigia&#8221;, una celebrazione della duchessa e del suo Museo nel mese che l&#8217;ha vista nascere (12 dicembre 1791) e morire (17 dicembre 1847).&nbsp;<\/p>\n\n\n\n<p>L&#8217;edizione di quest&#8217;anno, la ventiquattresima, si terr\u00e0 dal 7 al 15 dicembre 2024 e verr\u00e0 aperta dall&#8217;inaugurazione della mostra <strong>mostra &#8220;DI NERO VESTITA.&nbsp;MODA, BIJOUX E ACCESSORI IN NERO&nbsp;TRA OTTO E NOVECENTO<\/strong>&nbsp;<strong>dalla donazione Sirotti Tranchina e da altre donazioni<\/strong>&#8220;.<\/p>\n\n\n\n<p><em>La mostra rimarr\u00e0 aperta e gratuita&nbsp;<strong>fino a domenica 9 marzo 2025<\/strong><\/em>,&nbsp;<strong>dunque anche per l&#8217;intero periodo festivo<\/strong>, seguendo gli orari di apertura del Museo.&nbsp;<strong>Si segnala la presenza di supporti per la fruizione dei contenuti anche per il pubblico con disabilit\u00e0 visiva<\/strong>.<\/p>\n\n\n\n<p>A partire dalla &#8220;Settimana&#8221; e per tutta la durata della mostra sono previste VISITE GUIDATE alla mostra; le prime si terranno alle 10.30 nelle giornate di <\/p>\n\n\n\n<p><strong>&#8211; SABATO 14 DICEMBRE 2024<\/strong> <strong>&#8211; SABATO 28 DICEMBRE 2024<\/strong> <strong>&#8211; SABATO 11 GENNAIO 2025<\/strong><\/p>\n\n\n\n<p>e proseguiranno anche nei mesi successivi con le stesse modalit\u00e0: partecipazione \u20ac 5,00, con prenotazione gradita alla mail del Museo&nbsp;<a href=\"mailto:info@museoglaucolombardi.it\" target=\"_blank\" rel=\"noreferrer noopener\">info@museoglaucolombardi.it<\/a>.<\/p>\n\n\n\n<p>La &#8220;Settimana&#8221; prevede poi due incontri musicali, ovvero:<\/p>\n\n\n\n<p><strong>MERCOLEDI&#8217; 11 DICEMBRE 2024, ore 16.00<\/strong>: <strong>CONCERTO \u201cUN POMERIGGIO&#8230; A VIENNA\u201d<\/strong><\/p>\n\n\n\n<p>Gli strumenti storici del Trio Kalamus (Rodolfo La Banca e Marco Mauro, clarinetto a 5 chiavi &#8211; Giuseppe Scotto Galletta, corno di bassetto mod. Lotz) e il soprano Xu Jie presenteranno musiche di Mozart, Haydn e&nbsp;Stradler. Evento compreso nel biglietto d&#8217;ingresso (\u20ac 7,00), prenotazione consigliata alla mail del Museo&nbsp;<a href=\"mailto:info@museoglaucolombardi.it\" target=\"_blank\" rel=\"noreferrer noopener\">info@museoglaucolombardi.it<\/a>.<\/p>\n\n\n\n<p><\/p>\n\n\n\n<p><strong>DOMENICA 15 DICEMBRE 2024, ore 16.00<\/strong>: <strong>CONCERTO\u00a0\u201cLUCI DEL NORD E OMBRE DEL MEZZOGIORNO: LEGGENDE E MITI IN SCHUBERT E LOEWE&#8221;<\/strong><\/p>\n\n\n\n<p>Tania Bussi (soprano) e Nicola Montenz (fortepiano) saranno i protagonisti del concerto di chiusura della rassegna \u201cMusica al Museo\u201d; evento compreso nel biglietto d&#8217;ingresso (\u20ac 7,00), prenotazione consigliata alla mail del Museo&nbsp;<a href=\"mailto:info@museoglaucolombardi.it\" target=\"_blank\" rel=\"noreferrer noopener\">info@museoglaucolombardi.it<\/a>.<\/p>\n\n\n\n<p>Durante questo speciale periodo si segnala la prima apertura straordinaria natalizia, ovvero quella che si terr\u00e0 domenica 8 dicembre 2024 (Immacolata Concezione): 9.30-19.00<\/p>\n\n\n\n<p>Nei restanti giorni, il Museo seguir\u00e0 i consueti orari di apertura, ovvero: da marted\u00ec a sabato 9.30-16.00 &#8211; domenica 9.30-19.00 &#8211; luned\u00ec giorno di riposo.<\/p>\n\n\n\n<p><\/p>\n\n\n\n<p>Si anticipano sin d&#8217;ora i seguenti orari:<\/p>\n\n\n\n<p>Marted\u00ec 24 dicembre 2024 (Vigilia di Natale): 9.30-16.00<\/p>\n\n\n\n<p>Mercoled\u00ec 25 dicembre 2024 (Natale): giorno di riposo<\/p>\n\n\n\n<p>Gioved\u00ec 26 dicembre 2024 (Santo Stefano): 9.30-19.00<\/p>\n\n\n\n<p>Mercoled\u00ec 1\u00b0 gennaio 2025 (Capodanno): giorno di riposo<\/p>\n\n\n\n<p>Luned\u00ec 6 gennaio 2025 (Epifania): 9.30-19.00<\/p>\n","protected":false},"excerpt":{"rendered":"<p>Dicembre, al Museo Glauco Lombardi, \u00e8 sinonimo di eventi di  [&#8230;]<\/p>\n","protected":false},"author":8,"featured_media":114136,"comment_status":"closed","ping_status":"closed","sticky":false,"template":"","format":"standard","meta":{"footnotes":""},"categories":[1],"tags":[],"class_list":["post-114130","post","type-post","status-publish","format-standard","has-post-thumbnail","hentry","category-non-categorizzato"],"publishpress_future_action":{"enabled":false,"date":"2026-05-06 15:36:19","action":"change-status","newStatus":"draft","terms":[],"taxonomy":"category","extraData":[]},"publishpress_future_workflow_manual_trigger":{"enabledWorkflows":[]},"_links":{"self":[{"href":"https:\/\/www.museoglaucolombardi.it\/en\/wp-json\/wp\/v2\/posts\/114130","targetHints":{"allow":["GET"]}}],"collection":[{"href":"https:\/\/www.museoglaucolombardi.it\/en\/wp-json\/wp\/v2\/posts"}],"about":[{"href":"https:\/\/www.museoglaucolombardi.it\/en\/wp-json\/wp\/v2\/types\/post"}],"author":[{"embeddable":true,"href":"https:\/\/www.museoglaucolombardi.it\/en\/wp-json\/wp\/v2\/users\/8"}],"replies":[{"embeddable":true,"href":"https:\/\/www.museoglaucolombardi.it\/en\/wp-json\/wp\/v2\/comments?post=114130"}],"version-history":[{"count":4,"href":"https:\/\/www.museoglaucolombardi.it\/en\/wp-json\/wp\/v2\/posts\/114130\/revisions"}],"predecessor-version":[{"id":114188,"href":"https:\/\/www.museoglaucolombardi.it\/en\/wp-json\/wp\/v2\/posts\/114130\/revisions\/114188"}],"wp:featuredmedia":[{"embeddable":true,"href":"https:\/\/www.museoglaucolombardi.it\/en\/wp-json\/wp\/v2\/media\/114136"}],"wp:attachment":[{"href":"https:\/\/www.museoglaucolombardi.it\/en\/wp-json\/wp\/v2\/media?parent=114130"}],"wp:term":[{"taxonomy":"category","embeddable":true,"href":"https:\/\/www.museoglaucolombardi.it\/en\/wp-json\/wp\/v2\/categories?post=114130"},{"taxonomy":"post_tag","embeddable":true,"href":"https:\/\/www.museoglaucolombardi.it\/en\/wp-json\/wp\/v2\/tags?post=114130"}],"curies":[{"name":"wp","href":"https:\/\/api.w.org\/{rel}","templated":true}]}}