{"id":113845,"date":"2024-08-13T12:28:15","date_gmt":"2024-08-13T10:28:15","guid":{"rendered":"https:\/\/www.museoglaucolombardi.it\/?p=113845"},"modified":"2024-09-10T09:52:38","modified_gmt":"2024-09-10T07:52:38","slug":"giorno-di-riposo-per-ferragosto-o-per-san-napoleone","status":"publish","type":"post","link":"https:\/\/www.museoglaucolombardi.it\/en\/giorno-di-riposo-per-ferragosto-o-per-san-napoleone\/","title":{"rendered":"Giorno di riposo per Ferragosto&#8230; o per San Napoleone?"},"content":{"rendered":"\n<p>Forse non tutti sanno che per alcuni anni, durante l&#8217;impero napoleonico, si celebr\u00f2 San Napoleone, celebrazione che festeggiava un martire opportunamente ritrovato negli archivi per permettere a Bonaparte di avere un onomastico: nel Martirologio di Bene\u00addetto XIV, si ritrov\u00f2 infatti un santo martire Neopolis, compagno di s. Saturnino, il cui nome era facile far diventare, con qualche pindarica motivazione filologica, Napoleone. Festeggiato a partire dal 1803, l&#8217;iniziale data del 16 agosto, giorno da cui aveva spodestato San Rocco, fu anticipata dal 1806 al giorno prima, sovrapponendosi dunque alla celebrazione dell&#8217;Assunzione&#8230; Anche il Museo osserver\u00e0 un giorno di riposo in questa occasione, per riprendere con i consueti orari da venerd\u00ec 16 agosto. Vi lasciamo per\u00f2 qualche informazione su questo bozzetto,  che si trova in Museo, preparatorio per il quadro d\u2019altare dell\u2019Oratorio della Rocca di Sala Baganza, ora in collezione privata, che doveva rappresentare proprio San Napoleone martire. Fu commissionato dal proprietario della Rocca, Michele Varron, ex ufficiale francese che a compenso dei suoi servigi aveva ricevuto il possesso della Rocca, a un altro fervente ammiratore di Napoleone, il pittore Francesco Scaramuzza, che propose diverse varianti&#8230; ma in tutte il santo ha il volto di Bonaparte!<\/p>\n","protected":false},"excerpt":{"rendered":"<p>Forse non tutti sanno che per alcuni anni, durante l&#8217;impero  [&#8230;]<\/p>\n","protected":false},"author":8,"featured_media":113846,"comment_status":"closed","ping_status":"closed","sticky":false,"template":"","format":"standard","meta":{"footnotes":""},"categories":[1],"tags":[],"class_list":["post-113845","post","type-post","status-publish","format-standard","has-post-thumbnail","hentry","category-non-categorizzato"],"publishpress_future_action":{"enabled":false,"date":"2026-05-08 13:16:14","action":"change-status","newStatus":"draft","terms":[],"taxonomy":"category","extraData":[]},"publishpress_future_workflow_manual_trigger":{"enabledWorkflows":[]},"_links":{"self":[{"href":"https:\/\/www.museoglaucolombardi.it\/en\/wp-json\/wp\/v2\/posts\/113845","targetHints":{"allow":["GET"]}}],"collection":[{"href":"https:\/\/www.museoglaucolombardi.it\/en\/wp-json\/wp\/v2\/posts"}],"about":[{"href":"https:\/\/www.museoglaucolombardi.it\/en\/wp-json\/wp\/v2\/types\/post"}],"author":[{"embeddable":true,"href":"https:\/\/www.museoglaucolombardi.it\/en\/wp-json\/wp\/v2\/users\/8"}],"replies":[{"embeddable":true,"href":"https:\/\/www.museoglaucolombardi.it\/en\/wp-json\/wp\/v2\/comments?post=113845"}],"version-history":[{"count":1,"href":"https:\/\/www.museoglaucolombardi.it\/en\/wp-json\/wp\/v2\/posts\/113845\/revisions"}],"predecessor-version":[{"id":113848,"href":"https:\/\/www.museoglaucolombardi.it\/en\/wp-json\/wp\/v2\/posts\/113845\/revisions\/113848"}],"wp:featuredmedia":[{"embeddable":true,"href":"https:\/\/www.museoglaucolombardi.it\/en\/wp-json\/wp\/v2\/media\/113846"}],"wp:attachment":[{"href":"https:\/\/www.museoglaucolombardi.it\/en\/wp-json\/wp\/v2\/media?parent=113845"}],"wp:term":[{"taxonomy":"category","embeddable":true,"href":"https:\/\/www.museoglaucolombardi.it\/en\/wp-json\/wp\/v2\/categories?post=113845"},{"taxonomy":"post_tag","embeddable":true,"href":"https:\/\/www.museoglaucolombardi.it\/en\/wp-json\/wp\/v2\/tags?post=113845"}],"curies":[{"name":"wp","href":"https:\/\/api.w.org\/{rel}","templated":true}]}}