{"id":112882,"date":"2023-10-26T13:07:24","date_gmt":"2023-10-26T11:07:24","guid":{"rendered":"https:\/\/www.museoglaucolombardi.it\/?p=112882"},"modified":"2024-02-09T09:00:17","modified_gmt":"2024-02-09T08:00:17","slug":"dal-belcanto-al-melodramma-verista-il-12-novembre-torna-musica-al-museo","status":"publish","type":"post","link":"https:\/\/www.museoglaucolombardi.it\/en\/dal-belcanto-al-melodramma-verista-il-12-novembre-torna-musica-al-museo\/","title":{"rendered":"\u201cDal belcanto al melodramma verista\u201d: il 12 novembre torna &#8220;Musica al Museo&#8221;"},"content":{"rendered":"\n<p>Il secondo appuntamento con la rassegna autunnale del Museo \u00e8 dedicato alla lirica ed \u00e8 organizzato in collaborazione con l&#8217;associazione culturale &#8220;Mettiamoci all&#8217;Opera&#8221; di Prato, che annualmente si unisce al Museo per un appuntamento a tema. Il concerto di novembre, <strong>\u201cDal belcanto al melodramma verista\u201d<\/strong>, prevede arie tratte da opere di Bellini, Donizetti, Puccini, Verdi per un recital interpretato dal <strong>soprano Maila Fulignati<\/strong>, che sar\u00e0 accompagnata al fortepiano dal M\u00b0 Laura D&#8217;Alessandro. <\/p>\n\n\n\n<p>Marco Sizzi, presidente dell\u2019associazione toscana, si occuper\u00e0 di introdurre i brani, esemplificando cos\u00ec la metamorfosi che port\u00f2 il belcanto fino ai tempi del maestro di Busseto.<\/p>\n\n\n\n<p>Appuntamento quindi per domenica 12 novembre 2023, ore 16.00; si ricorda che tutti gli eventi musicali sono gi\u00e0 compresi nel biglietto di ingresso al Museo (\u20ac 7,00).<\/p>\n\n\n\n<p>Info e prenotazioni: 0521 233727 \u2013 info@museoglaucolombardi.it<\/p>\n","protected":false},"excerpt":{"rendered":"<p>Il secondo appuntamento con la rassegna autunnale del Museo \u00e8  [&#8230;]<\/p>\n","protected":false},"author":8,"featured_media":112883,"comment_status":"closed","ping_status":"closed","sticky":false,"template":"","format":"standard","meta":{"footnotes":""},"categories":[1],"tags":[],"class_list":["post-112882","post","type-post","status-publish","format-standard","has-post-thumbnail","hentry","category-non-categorizzato"],"publishpress_future_action":{"enabled":false,"date":"2026-05-06 17:01:31","action":"change-status","newStatus":"draft","terms":[],"taxonomy":"category","extraData":[]},"publishpress_future_workflow_manual_trigger":{"enabledWorkflows":[]},"_links":{"self":[{"href":"https:\/\/www.museoglaucolombardi.it\/en\/wp-json\/wp\/v2\/posts\/112882","targetHints":{"allow":["GET"]}}],"collection":[{"href":"https:\/\/www.museoglaucolombardi.it\/en\/wp-json\/wp\/v2\/posts"}],"about":[{"href":"https:\/\/www.museoglaucolombardi.it\/en\/wp-json\/wp\/v2\/types\/post"}],"author":[{"embeddable":true,"href":"https:\/\/www.museoglaucolombardi.it\/en\/wp-json\/wp\/v2\/users\/8"}],"replies":[{"embeddable":true,"href":"https:\/\/www.museoglaucolombardi.it\/en\/wp-json\/wp\/v2\/comments?post=112882"}],"version-history":[{"count":3,"href":"https:\/\/www.museoglaucolombardi.it\/en\/wp-json\/wp\/v2\/posts\/112882\/revisions"}],"predecessor-version":[{"id":112951,"href":"https:\/\/www.museoglaucolombardi.it\/en\/wp-json\/wp\/v2\/posts\/112882\/revisions\/112951"}],"wp:featuredmedia":[{"embeddable":true,"href":"https:\/\/www.museoglaucolombardi.it\/en\/wp-json\/wp\/v2\/media\/112883"}],"wp:attachment":[{"href":"https:\/\/www.museoglaucolombardi.it\/en\/wp-json\/wp\/v2\/media?parent=112882"}],"wp:term":[{"taxonomy":"category","embeddable":true,"href":"https:\/\/www.museoglaucolombardi.it\/en\/wp-json\/wp\/v2\/categories?post=112882"},{"taxonomy":"post_tag","embeddable":true,"href":"https:\/\/www.museoglaucolombardi.it\/en\/wp-json\/wp\/v2\/tags?post=112882"}],"curies":[{"name":"wp","href":"https:\/\/api.w.org\/{rel}","templated":true}]}}