{"id":112800,"date":"2023-09-07T13:31:20","date_gmt":"2023-09-07T11:31:20","guid":{"rendered":"https:\/\/www.museoglaucolombardi.it\/?p=112800"},"modified":"2024-02-09T09:01:56","modified_gmt":"2024-02-09T08:01:56","slug":"il-sor-pampurio-la-scuola-e-tanto-altro-inaugurazione-mostra-sabato-16-settembre-pre-10-30","status":"publish","type":"post","link":"https:\/\/www.museoglaucolombardi.it\/en\/il-sor-pampurio-la-scuola-e-tanto-altro-inaugurazione-mostra-sabato-16-settembre-pre-10-30\/","title":{"rendered":"Il Sor Pampurio, la scuola e tanto altro: inaugurazione mostra sabato 16 settembre, ore 10.30"},"content":{"rendered":"\n<p>Di Carlo Bisi, pittore, disegnatore, illustratore nato a Brescello e formatosi a Parma, \u00e8 pi\u00f9 facile riconoscere il tratto e i personaggi usciti dalla sua penna che il nome: grazie a una collaborazione con collezionisti privati ed enti del territorio, questa mostra presenta l&#8217;opera dell&#8217;arguto creatore di indimenticabili figure e tormentoni, tra cui l&#8217; &#8220;arcicontento&#8221; Sor Pampurio, che fu per anni un celebre simbolo del &#8220;Corriere dei Piccoli&#8221;. Ai giovanissimi fu infatti indirizzata gran parte dell&#8217;attivit\u00e0 di Bisi, che firm\u00f2 libri per ragazzi ma anche copertine di quaderni, manifesti per aule scolastiche e storiche pubblicit\u00e0, con un linguaggio per immagini comprensibile da tutti, pieno di arguzia e di garbata ironia che ancora colpisce l&#8217;immaginazione di grandi e piccoli.<\/p>\n\n\n\n<p>Cartoline in omaggio a tutti i partecipanti.<\/p>\n\n\n\n<p>La mostra rimarr\u00e0 visitabile a ingresso libero fino a domenica 29 ottobre 2023 e prevede un fitto programma di incontri:<\/p>\n\n\n\n<p>Visite guidate gratuite<br>Per tutta la durata della mostra sono previste visite guidate condotte dai curatori:<\/p>\n\n\n\n<p>&#8211; ogni gioved\u00ec alle 10.30 (21 e 28 settembre; 6, 13, 20 e 27 ottobre 2023)<\/p>\n\n\n\n<p>&#8211; domenica 1\u00b0 e 15 ottobre 2023, ore 16.00<\/p>\n\n\n\n<p>&#8211; a richiesta per le scuole, su prenotazione.<\/p>\n\n\n\n<p>Ingresso libero; prenotazione gradita.<\/p>\n\n\n\n<p>Conferenza<br>\u201cGli esordi a Parma di Carlo Bisi, fumettista, illustratore e pittore di fama internazionale\u201d<\/p>\n\n\n\n<p>Sabato 14 ottobre 2023, ore 10.30<\/p>\n\n\n\n<p>Incontro pieno di storia, arte e curiosit\u00e0 con i curatori Giovanni Santelli e Raffaella Rozzi, che indagheranno a tutto tondo l&#8217;attivit\u00e0 del poliedrico pittore e disegnatore Carlo Bisi.<\/p>\n\n\n\n<p>Ingresso libero; prenotazione gradita.<\/p>\n\n\n\n<p>Evento inserito nel programma &#8220;Festa della Storia &#8211; Parma&#8221;<\/p>\n\n\n\n<p>L&#8217;evento \u00e8 sostenuto da Accademia di Studi Storici Brig &#8211; Brescello, Pro Loco Brescello APS, Comune di Brescello, Fondazione paese di don Camillo e Peppone, Rotary Club di Brescello Tre Ducati<\/p>\n","protected":false},"excerpt":{"rendered":"<p>Di Carlo Bisi, pittore, disegnatore, illustratore nato a Brescello e  [&#8230;]<\/p>\n","protected":false},"author":8,"featured_media":112804,"comment_status":"closed","ping_status":"closed","sticky":false,"template":"","format":"standard","meta":{"footnotes":""},"categories":[1],"tags":[],"class_list":["post-112800","post","type-post","status-publish","format-standard","has-post-thumbnail","hentry","category-non-categorizzato"],"publishpress_future_action":{"enabled":false,"date":"2026-05-06 19:27:19","action":"change-status","newStatus":"draft","terms":[],"taxonomy":"category","extraData":[]},"publishpress_future_workflow_manual_trigger":{"enabledWorkflows":[]},"_links":{"self":[{"href":"https:\/\/www.museoglaucolombardi.it\/en\/wp-json\/wp\/v2\/posts\/112800","targetHints":{"allow":["GET"]}}],"collection":[{"href":"https:\/\/www.museoglaucolombardi.it\/en\/wp-json\/wp\/v2\/posts"}],"about":[{"href":"https:\/\/www.museoglaucolombardi.it\/en\/wp-json\/wp\/v2\/types\/post"}],"author":[{"embeddable":true,"href":"https:\/\/www.museoglaucolombardi.it\/en\/wp-json\/wp\/v2\/users\/8"}],"replies":[{"embeddable":true,"href":"https:\/\/www.museoglaucolombardi.it\/en\/wp-json\/wp\/v2\/comments?post=112800"}],"version-history":[{"count":3,"href":"https:\/\/www.museoglaucolombardi.it\/en\/wp-json\/wp\/v2\/posts\/112800\/revisions"}],"predecessor-version":[{"id":112970,"href":"https:\/\/www.museoglaucolombardi.it\/en\/wp-json\/wp\/v2\/posts\/112800\/revisions\/112970"}],"wp:featuredmedia":[{"embeddable":true,"href":"https:\/\/www.museoglaucolombardi.it\/en\/wp-json\/wp\/v2\/media\/112804"}],"wp:attachment":[{"href":"https:\/\/www.museoglaucolombardi.it\/en\/wp-json\/wp\/v2\/media?parent=112800"}],"wp:term":[{"taxonomy":"category","embeddable":true,"href":"https:\/\/www.museoglaucolombardi.it\/en\/wp-json\/wp\/v2\/categories?post=112800"},{"taxonomy":"post_tag","embeddable":true,"href":"https:\/\/www.museoglaucolombardi.it\/en\/wp-json\/wp\/v2\/tags?post=112800"}],"curies":[{"name":"wp","href":"https:\/\/api.w.org\/{rel}","templated":true}]}}