{"id":112527,"date":"2023-02-28T14:13:11","date_gmt":"2023-02-28T13:13:11","guid":{"rendered":"https:\/\/www.museoglaucolombardi.it\/?p=112527"},"modified":"2024-02-09T09:00:17","modified_gmt":"2024-02-09T08:00:17","slug":"semplicemente-peppina-spettacolo-teatrale-di-e-con-chiara-tambani","status":"publish","type":"post","link":"https:\/\/www.museoglaucolombardi.it\/en\/semplicemente-peppina-spettacolo-teatrale-di-e-con-chiara-tambani\/","title":{"rendered":"\u201cSemplicemente&#8230; Peppina\u201d, spettacolo teatrale di e con Chiara Tambani"},"content":{"rendered":"<p>Mercoled\u00ec 8 marzo 2023, ore 17.30<\/p>\n<p>Giuseppina Strepponi fu donna libera, anticonformista, cantante di grandissimo successo anche prima di diventare la compagna e la musa di Giuseppe Verdi.<br \/>\nChiara Tambani, attrice e autrice cremonese, ha immaginato un racconto intimo e confidenziale in prima persona, in cui &#8220;Peppina&#8221; racconta la sua vita, i suoi successi, i suoi dolori e i suoi due grandi amori, a cui ha dedicato tutta la sua esistenza: la musica e Verdi.<br \/>\n\u201cSemplicemente&#8230; Peppina\u201d, spettacolo teatrale di e con Chiara Tambani, si terr\u00e0 nel Salone delle Feste del Museo mercoled\u00ec 8 marzo 2023, ore 17.30; l&#8217;ingresso \u00e8 libero!<\/p>\n<p>Evento promosso dall&#8217;associazione Verdissime.com.<\/p>\n","protected":false},"excerpt":{"rendered":"<p>Mercoled\u00ec 8 marzo 2023, ore 17.30 Giuseppina Strepponi fu donna  [&#8230;]<\/p>\n","protected":false},"author":8,"featured_media":112528,"comment_status":"closed","ping_status":"closed","sticky":false,"template":"","format":"standard","meta":{"footnotes":""},"categories":[1],"tags":[],"class_list":["post-112527","post","type-post","status-publish","format-standard","has-post-thumbnail","hentry","category-non-categorizzato"],"publishpress_future_action":{"enabled":false,"date":"2026-05-06 14:21:55","action":"change-status","newStatus":"draft","terms":[],"taxonomy":"category","extraData":[]},"publishpress_future_workflow_manual_trigger":{"enabledWorkflows":[]},"_links":{"self":[{"href":"https:\/\/www.museoglaucolombardi.it\/en\/wp-json\/wp\/v2\/posts\/112527","targetHints":{"allow":["GET"]}}],"collection":[{"href":"https:\/\/www.museoglaucolombardi.it\/en\/wp-json\/wp\/v2\/posts"}],"about":[{"href":"https:\/\/www.museoglaucolombardi.it\/en\/wp-json\/wp\/v2\/types\/post"}],"author":[{"embeddable":true,"href":"https:\/\/www.museoglaucolombardi.it\/en\/wp-json\/wp\/v2\/users\/8"}],"replies":[{"embeddable":true,"href":"https:\/\/www.museoglaucolombardi.it\/en\/wp-json\/wp\/v2\/comments?post=112527"}],"version-history":[{"count":1,"href":"https:\/\/www.museoglaucolombardi.it\/en\/wp-json\/wp\/v2\/posts\/112527\/revisions"}],"predecessor-version":[{"id":112530,"href":"https:\/\/www.museoglaucolombardi.it\/en\/wp-json\/wp\/v2\/posts\/112527\/revisions\/112530"}],"wp:featuredmedia":[{"embeddable":true,"href":"https:\/\/www.museoglaucolombardi.it\/en\/wp-json\/wp\/v2\/media\/112528"}],"wp:attachment":[{"href":"https:\/\/www.museoglaucolombardi.it\/en\/wp-json\/wp\/v2\/media?parent=112527"}],"wp:term":[{"taxonomy":"category","embeddable":true,"href":"https:\/\/www.museoglaucolombardi.it\/en\/wp-json\/wp\/v2\/categories?post=112527"},{"taxonomy":"post_tag","embeddable":true,"href":"https:\/\/www.museoglaucolombardi.it\/en\/wp-json\/wp\/v2\/tags?post=112527"}],"curies":[{"name":"wp","href":"https:\/\/api.w.org\/{rel}","templated":true}]}}