{"id":112412,"date":"2023-01-24T11:18:37","date_gmt":"2023-01-24T10:18:37","guid":{"rendered":"https:\/\/www.museoglaucolombardi.it\/?p=112412"},"modified":"2024-02-09T09:07:57","modified_gmt":"2024-02-09T08:07:57","slug":"san-valentino-al-museo-lombardi","status":"publish","type":"post","link":"https:\/\/www.museoglaucolombardi.it\/en\/san-valentino-al-museo-lombardi\/","title":{"rendered":"San Valentino al Museo Lombardi!"},"content":{"rendered":"<p>Per il giorno di San Valentino, marted\u00ec 14 febbraio, abbiamo in programma una promozione speciale al bookshop: chi acquister\u00e0 due tazze della nostra linea ricever\u00e0 infatti in omaggio il catalogo delle collezioni (edizioni Touring Club Italiano, prezzo di copertina \u20ac 12,50).<\/p>\n<p>Ricordiamo che in tale data il Museo sar\u00e0 aperto dalle 9.30 alle 16.00, con orario continuato.<\/p>\n","protected":false},"excerpt":{"rendered":"<p>Per il giorno di San Valentino, marted\u00ec 14 febbraio, abbiamo  [&#8230;]<\/p>\n","protected":false},"author":8,"featured_media":112415,"comment_status":"closed","ping_status":"closed","sticky":false,"template":"","format":"standard","meta":{"footnotes":""},"categories":[1],"tags":[],"class_list":["post-112412","post","type-post","status-publish","format-standard","has-post-thumbnail","hentry","category-non-categorizzato"],"publishpress_future_action":{"enabled":false,"date":"2026-05-06 17:09:43","action":"change-status","newStatus":"draft","terms":[],"taxonomy":"category","extraData":[]},"publishpress_future_workflow_manual_trigger":{"enabledWorkflows":[]},"_links":{"self":[{"href":"https:\/\/www.museoglaucolombardi.it\/en\/wp-json\/wp\/v2\/posts\/112412","targetHints":{"allow":["GET"]}}],"collection":[{"href":"https:\/\/www.museoglaucolombardi.it\/en\/wp-json\/wp\/v2\/posts"}],"about":[{"href":"https:\/\/www.museoglaucolombardi.it\/en\/wp-json\/wp\/v2\/types\/post"}],"author":[{"embeddable":true,"href":"https:\/\/www.museoglaucolombardi.it\/en\/wp-json\/wp\/v2\/users\/8"}],"replies":[{"embeddable":true,"href":"https:\/\/www.museoglaucolombardi.it\/en\/wp-json\/wp\/v2\/comments?post=112412"}],"version-history":[{"count":1,"href":"https:\/\/www.museoglaucolombardi.it\/en\/wp-json\/wp\/v2\/posts\/112412\/revisions"}],"predecessor-version":[{"id":112417,"href":"https:\/\/www.museoglaucolombardi.it\/en\/wp-json\/wp\/v2\/posts\/112412\/revisions\/112417"}],"wp:featuredmedia":[{"embeddable":true,"href":"https:\/\/www.museoglaucolombardi.it\/en\/wp-json\/wp\/v2\/media\/112415"}],"wp:attachment":[{"href":"https:\/\/www.museoglaucolombardi.it\/en\/wp-json\/wp\/v2\/media?parent=112412"}],"wp:term":[{"taxonomy":"category","embeddable":true,"href":"https:\/\/www.museoglaucolombardi.it\/en\/wp-json\/wp\/v2\/categories?post=112412"},{"taxonomy":"post_tag","embeddable":true,"href":"https:\/\/www.museoglaucolombardi.it\/en\/wp-json\/wp\/v2\/tags?post=112412"}],"curies":[{"name":"wp","href":"https:\/\/api.w.org\/{rel}","templated":true}]}}